{"id":37345,"date":"2026-09-02T18:29:46","date_gmt":"2026-09-02T18:29:46","guid":{"rendered":"https:\/\/grow24.us\/?p=37345"},"modified":"2026-09-02T18:29:46","modified_gmt":"2026-09-02T18:29:46","slug":"6-deputete-kunder-bekim-sejdiut-reagon-gjinovci-me-ne-fund-pdk-ja-ia-arriti","status":"publish","type":"post","link":"https:\/\/grow24.us\/?p=37345","title":{"rendered":"6 deputet\u00eb kund\u00ebr Bekim Sejdiut, reagon Gjinovci: M\u00eb n\u00eb fund PDK-ja ia arriti"},"content":{"rendered":"<h1>6 deputet\u00eb kund\u00ebr Bekim Sejdiut, reagon Gjinovci: M\u00eb n\u00eb fund PDK-ja ia arriti<\/h1>\n<div class=\"featured\"><img loading=\"lazy\" decoding=\"async\" class=\"attachment-large size-large\" src=\"https:\/\/blog.cookfixes.com\/en\/wp-content\/uploads\/2026\/09\/Rron-Gjinovci-00.22.1516804743261785948332.webp\" sizes=\"auto, (max-width: 820px) 100vw, 820px\" srcset=\"https:\/\/blog.cookfixes.com\/en\/wp-content\/uploads\/2026\/09\/Rron-Gjinovci-00.22.1516804743261785948332.webp 851w, https:\/\/blog.cookfixes.com\/en\/wp-content\/uploads\/2026\/09\/Rron-Gjinovci-00.22.1516804743261785948332-300x225.webp 300w, https:\/\/blog.cookfixes.com\/en\/wp-content\/uploads\/2026\/09\/Rron-Gjinovci-00.22.1516804743261785948332-768x576.webp 768w\" alt=\"\" width=\"820\" height=\"615\" \/><\/div>\n<div class=\"entry\">\n<p>Analisti Rron Gjinovci ka reaguar pas deklarat\u00ebs s\u00eb kryetarit t\u00eb LDK-s\u00eb, Lumir Abdixhiku, se gjasht\u00eb deputet\u00eb t\u00eb k\u00ebsaj partie nuk do ta votojn\u00eb kandidatin p\u00ebr president, Bekim Sejdiun<\/p>\n<p>Gjinovci ka kritikuar zhvillimet brenda LDK-s\u00eb, duke th\u00ebn\u00eb se partia m\u00eb e vjet\u00ebr e Kosov\u00ebs pluraliste po p\u00ebrballet me nj\u00eb kriz\u00eb t\u00eb thell\u00eb.<\/p>\n<p>\u201cMas 37 vjetve, partia ma e vjet\u00ebr e Kosov\u00ebs plurale po shkat\u00ebrrohet nga armikja num\u00ebr 1 e saj, nga PDK-ja.<\/p>\n<p>Mbas shum\u00eb p\u00ebrpjekjeve p\u00ebr ndamjen e shkat\u00ebrrimin e LDK-s\u00eb n\u00eb periudha t\u00eb ndryshme, ma n\u00eb fund PDK si\u00e7 duket p\u00ebrmes flok\u00e7it ia arriti\u201d, shkruan ai.<\/p>\n<\/div>\n","protected":false},"excerpt":{"rendered":"<p>6 deputet\u00eb kund\u00ebr Bekim Sejdiut, reagon Gjinovci: M\u00eb n\u00eb fund PDK-ja ia arriti Analisti Rron Gjinovci ka reaguar pas deklarat\u00ebs s\u00eb kryetarit t\u00eb LDK-s\u00eb, Lumir Abdixhiku, se&#8230; <\/p>\n","protected":false},"author":1,"featured_media":37346,"comment_status":"closed","ping_status":"closed","sticky":false,"template":"","format":"standard","meta":{"footnotes":""},"categories":[1],"tags":[],"class_list":["post-37345","post","type-post","status-publish","format-standard","has-post-thumbnail","hentry","category-news"],"yoast_head":"<!-- This site is optimized with the Yoast SEO plugin v28.1 - https:\/\/yoast.com\/product\/yoast-seo-wordpress\/ -->\n<title>6 deputet\u00eb kund\u00ebr Bekim Sejdiut, reagon Gjinovci: M\u00eb n\u00eb fund PDK-ja ia arriti - FRESH<\/title>\n<meta name=\"robots\" content=\"index, follow, max-snippet:-1, max-image-preview:large, max-video-preview:-1\" \/>\n<link rel=\"canonical\" href=\"https:\/\/grow24.us\/?p=37345\" \/>\n<meta property=\"og:locale\" content=\"en_US\" \/>\n<meta property=\"og:type\" content=\"article\" \/>\n<meta property=\"og:title\" content=\"6 deputet\u00eb kund\u00ebr Bekim Sejdiut, reagon Gjinovci: M\u00eb n\u00eb fund PDK-ja ia arriti - FRESH\" \/>\n<meta property=\"og:description\" content=\"6 deputet\u00eb kund\u00ebr Bekim Sejdiut, reagon Gjinovci: M\u00eb n\u00eb fund PDK-ja ia arriti Analisti Rron Gjinovci ka reaguar pas deklarat\u00ebs s\u00eb kryetarit t\u00eb LDK-s\u00eb, Lumir Abdixhiku, se...\" \/>\n<meta property=\"og:url\" content=\"https:\/\/grow24.us\/?p=37345\" \/>\n<meta property=\"og:site_name\" content=\"FRESH\" \/>\n<meta property=\"article:published_time\" content=\"2026-09-02T18:29:46+00:00\" \/>\n<meta property=\"og:image\" content=\"https:\/\/grow24.us\/wp-content\/uploads\/2026\/09\/17D636DC-A6A2-41AA-A207-464B91CEE0B8.png\" \/>\n\t<meta property=\"og:image:width\" content=\"1122\" \/>\n\t<meta property=\"og:image:height\" content=\"1402\" \/>\n\t<meta property=\"og:image:type\" content=\"image\/png\" \/>\n<meta name=\"author\" content=\"Admin\" \/>\n<meta name=\"twitter:card\" content=\"summary_large_image\" \/>\n<meta name=\"twitter:label1\" content=\"Written by\" \/>\n\t<meta name=\"twitter:data1\" content=\"Admin\" \/>\n\t<meta name=\"twitter:label2\" content=\"Est. reading time\" \/>\n\t<meta name=\"twitter:data2\" content=\"1 minute\" \/>\n<script type=\"application\/ld+json\" class=\"yoast-schema-graph\">{\"@context\":\"https:\\\/\\\/schema.org\",\"@graph\":[{\"@type\":\"Article\",\"@id\":\"https:\\\/\\\/grow24.us\\\/?p=37345#article\",\"isPartOf\":{\"@id\":\"https:\\\/\\\/grow24.us\\\/?p=37345\"},\"author\":{\"name\":\"Admin\",\"@id\":\"https:\\\/\\\/grow24.us\\\/#\\\/schema\\\/person\\\/04517c00d12fed4d6429f34df94a5345\"},\"headline\":\"6 deputet\u00eb kund\u00ebr Bekim Sejdiut, reagon Gjinovci: M\u00eb n\u00eb fund PDK-ja ia arriti\",\"datePublished\":\"2026-09-02T18:29:46+00:00\",\"mainEntityOfPage\":{\"@id\":\"https:\\\/\\\/grow24.us\\\/?p=37345\"},\"wordCount\":136,\"image\":{\"@id\":\"https:\\\/\\\/grow24.us\\\/?p=37345#primaryimage\"},\"thumbnailUrl\":\"https:\\\/\\\/grow24.us\\\/wp-content\\\/uploads\\\/2026\\\/09\\\/17D636DC-A6A2-41AA-A207-464B91CEE0B8.png\",\"articleSection\":[\"News\"],\"inLanguage\":\"en-US\"},{\"@type\":\"WebPage\",\"@id\":\"https:\\\/\\\/grow24.us\\\/?p=37345\",\"url\":\"https:\\\/\\\/grow24.us\\\/?p=37345\",\"name\":\"6 deputet\u00eb kund\u00ebr Bekim Sejdiut, reagon Gjinovci: M\u00eb n\u00eb fund PDK-ja ia arriti - FRESH\",\"isPartOf\":{\"@id\":\"https:\\\/\\\/grow24.us\\\/#website\"},\"primaryImageOfPage\":{\"@id\":\"https:\\\/\\\/grow24.us\\\/?p=37345#primaryimage\"},\"image\":{\"@id\":\"https:\\\/\\\/grow24.us\\\/?p=37345#primaryimage\"},\"thumbnailUrl\":\"https:\\\/\\\/grow24.us\\\/wp-content\\\/uploads\\\/2026\\\/09\\\/17D636DC-A6A2-41AA-A207-464B91CEE0B8.png\",\"datePublished\":\"2026-09-02T18:29:46+00:00\",\"author\":{\"@id\":\"https:\\\/\\\/grow24.us\\\/#\\\/schema\\\/person\\\/04517c00d12fed4d6429f34df94a5345\"},\"breadcrumb\":{\"@id\":\"https:\\\/\\\/grow24.us\\\/?p=37345#breadcrumb\"},\"inLanguage\":\"en-US\",\"potentialAction\":[{\"@type\":\"ReadAction\",\"target\":[\"https:\\\/\\\/grow24.us\\\/?p=37345\"]}]},{\"@type\":\"ImageObject\",\"inLanguage\":\"en-US\",\"@id\":\"https:\\\/\\\/grow24.us\\\/?p=37345#primaryimage\",\"url\":\"https:\\\/\\\/grow24.us\\\/wp-content\\\/uploads\\\/2026\\\/09\\\/17D636DC-A6A2-41AA-A207-464B91CEE0B8.png\",\"contentUrl\":\"https:\\\/\\\/grow24.us\\\/wp-content\\\/uploads\\\/2026\\\/09\\\/17D636DC-A6A2-41AA-A207-464B91CEE0B8.png\",\"width\":1122,\"height\":1402},{\"@type\":\"BreadcrumbList\",\"@id\":\"https:\\\/\\\/grow24.us\\\/?p=37345#breadcrumb\",\"itemListElement\":[{\"@type\":\"ListItem\",\"position\":1,\"name\":\"Home\",\"item\":\"https:\\\/\\\/grow24.us\\\/\"},{\"@type\":\"ListItem\",\"position\":2,\"name\":\"6 deputet\u00eb kund\u00ebr Bekim Sejdiut, reagon Gjinovci: M\u00eb n\u00eb fund PDK-ja ia arriti\"}]},{\"@type\":\"WebSite\",\"@id\":\"https:\\\/\\\/grow24.us\\\/#website\",\"url\":\"https:\\\/\\\/grow24.us\\\/\",\"name\":\"FRESH\",\"description\":\"\",\"potentialAction\":[{\"@type\":\"SearchAction\",\"target\":{\"@type\":\"EntryPoint\",\"urlTemplate\":\"https:\\\/\\\/grow24.us\\\/?s={search_term_string}\"},\"query-input\":{\"@type\":\"PropertyValueSpecification\",\"valueRequired\":true,\"valueName\":\"search_term_string\"}}],\"inLanguage\":\"en-US\"},{\"@type\":\"Person\",\"@id\":\"https:\\\/\\\/grow24.us\\\/#\\\/schema\\\/person\\\/04517c00d12fed4d6429f34df94a5345\",\"name\":\"Admin\",\"image\":{\"@type\":\"ImageObject\",\"inLanguage\":\"en-US\",\"@id\":\"https:\\\/\\\/secure.gravatar.com\\\/avatar\\\/a7123a349c15f1436c0b6ef0cb0678b16dcae27681f998bb30c9de74e4d77c2b?s=96&d=mm&r=g\",\"url\":\"https:\\\/\\\/secure.gravatar.com\\\/avatar\\\/a7123a349c15f1436c0b6ef0cb0678b16dcae27681f998bb30c9de74e4d77c2b?s=96&d=mm&r=g\",\"contentUrl\":\"https:\\\/\\\/secure.gravatar.com\\\/avatar\\\/a7123a349c15f1436c0b6ef0cb0678b16dcae27681f998bb30c9de74e4d77c2b?s=96&d=mm&r=g\",\"caption\":\"Admin\"},\"sameAs\":[\"http:\\\/\\\/grow24.us\"],\"url\":\"https:\\\/\\\/grow24.us\\\/?author=1\"}]}<\/script>\n<!-- \/ Yoast SEO plugin. -->","yoast_head_json":{"title":"6 deputet\u00eb kund\u00ebr Bekim Sejdiut, reagon Gjinovci: M\u00eb n\u00eb fund PDK-ja ia arriti - FRESH","robots":{"index":"index","follow":"follow","max-snippet":"max-snippet:-1","max-image-preview":"max-image-preview:large","max-video-preview":"max-video-preview:-1"},"canonical":"https:\/\/grow24.us\/?p=37345","og_locale":"en_US","og_type":"article","og_title":"6 deputet\u00eb kund\u00ebr Bekim Sejdiut, reagon Gjinovci: M\u00eb n\u00eb fund PDK-ja ia arriti - FRESH","og_description":"6 deputet\u00eb kund\u00ebr Bekim Sejdiut, reagon Gjinovci: M\u00eb n\u00eb fund PDK-ja ia arriti Analisti Rron Gjinovci ka reaguar pas deklarat\u00ebs s\u00eb kryetarit t\u00eb LDK-s\u00eb, Lumir Abdixhiku, se...","og_url":"https:\/\/grow24.us\/?p=37345","og_site_name":"FRESH","article_published_time":"2026-09-02T18:29:46+00:00","og_image":[{"width":1122,"height":1402,"url":"https:\/\/grow24.us\/wp-content\/uploads\/2026\/09\/17D636DC-A6A2-41AA-A207-464B91CEE0B8.png","type":"image\/png"}],"author":"Admin","twitter_card":"summary_large_image","twitter_misc":{"Written by":"Admin","Est. reading time":"1 minute"},"schema":{"@context":"https:\/\/schema.org","@graph":[{"@type":"Article","@id":"https:\/\/grow24.us\/?p=37345#article","isPartOf":{"@id":"https:\/\/grow24.us\/?p=37345"},"author":{"name":"Admin","@id":"https:\/\/grow24.us\/#\/schema\/person\/04517c00d12fed4d6429f34df94a5345"},"headline":"6 deputet\u00eb kund\u00ebr Bekim Sejdiut, reagon Gjinovci: M\u00eb n\u00eb fund PDK-ja ia arriti","datePublished":"2026-09-02T18:29:46+00:00","mainEntityOfPage":{"@id":"https:\/\/grow24.us\/?p=37345"},"wordCount":136,"image":{"@id":"https:\/\/grow24.us\/?p=37345#primaryimage"},"thumbnailUrl":"https:\/\/grow24.us\/wp-content\/uploads\/2026\/09\/17D636DC-A6A2-41AA-A207-464B91CEE0B8.png","articleSection":["News"],"inLanguage":"en-US"},{"@type":"WebPage","@id":"https:\/\/grow24.us\/?p=37345","url":"https:\/\/grow24.us\/?p=37345","name":"6 deputet\u00eb kund\u00ebr Bekim Sejdiut, reagon Gjinovci: M\u00eb n\u00eb fund PDK-ja ia arriti - FRESH","isPartOf":{"@id":"https:\/\/grow24.us\/#website"},"primaryImageOfPage":{"@id":"https:\/\/grow24.us\/?p=37345#primaryimage"},"image":{"@id":"https:\/\/grow24.us\/?p=37345#primaryimage"},"thumbnailUrl":"https:\/\/grow24.us\/wp-content\/uploads\/2026\/09\/17D636DC-A6A2-41AA-A207-464B91CEE0B8.png","datePublished":"2026-09-02T18:29:46+00:00","author":{"@id":"https:\/\/grow24.us\/#\/schema\/person\/04517c00d12fed4d6429f34df94a5345"},"breadcrumb":{"@id":"https:\/\/grow24.us\/?p=37345#breadcrumb"},"inLanguage":"en-US","potentialAction":[{"@type":"ReadAction","target":["https:\/\/grow24.us\/?p=37345"]}]},{"@type":"ImageObject","inLanguage":"en-US","@id":"https:\/\/grow24.us\/?p=37345#primaryimage","url":"https:\/\/grow24.us\/wp-content\/uploads\/2026\/09\/17D636DC-A6A2-41AA-A207-464B91CEE0B8.png","contentUrl":"https:\/\/grow24.us\/wp-content\/uploads\/2026\/09\/17D636DC-A6A2-41AA-A207-464B91CEE0B8.png","width":1122,"height":1402},{"@type":"BreadcrumbList","@id":"https:\/\/grow24.us\/?p=37345#breadcrumb","itemListElement":[{"@type":"ListItem","position":1,"name":"Home","item":"https:\/\/grow24.us\/"},{"@type":"ListItem","position":2,"name":"6 deputet\u00eb kund\u00ebr Bekim Sejdiut, reagon Gjinovci: M\u00eb n\u00eb fund PDK-ja ia arriti"}]},{"@type":"WebSite","@id":"https:\/\/grow24.us\/#website","url":"https:\/\/grow24.us\/","name":"FRESH","description":"","potentialAction":[{"@type":"SearchAction","target":{"@type":"EntryPoint","urlTemplate":"https:\/\/grow24.us\/?s={search_term_string}"},"query-input":{"@type":"PropertyValueSpecification","valueRequired":true,"valueName":"search_term_string"}}],"inLanguage":"en-US"},{"@type":"Person","@id":"https:\/\/grow24.us\/#\/schema\/person\/04517c00d12fed4d6429f34df94a5345","name":"Admin","image":{"@type":"ImageObject","inLanguage":"en-US","@id":"https:\/\/secure.gravatar.com\/avatar\/a7123a349c15f1436c0b6ef0cb0678b16dcae27681f998bb30c9de74e4d77c2b?s=96&d=mm&r=g","url":"https:\/\/secure.gravatar.com\/avatar\/a7123a349c15f1436c0b6ef0cb0678b16dcae27681f998bb30c9de74e4d77c2b?s=96&d=mm&r=g","contentUrl":"https:\/\/secure.gravatar.com\/avatar\/a7123a349c15f1436c0b6ef0cb0678b16dcae27681f998bb30c9de74e4d77c2b?s=96&d=mm&r=g","caption":"Admin"},"sameAs":["http:\/\/grow24.us"],"url":"https:\/\/grow24.us\/?author=1"}]}},"_links":{"self":[{"href":"https:\/\/grow24.us\/index.php?rest_route=\/wp\/v2\/posts\/37345","targetHints":{"allow":["GET"]}}],"collection":[{"href":"https:\/\/grow24.us\/index.php?rest_route=\/wp\/v2\/posts"}],"about":[{"href":"https:\/\/grow24.us\/index.php?rest_route=\/wp\/v2\/types\/post"}],"author":[{"embeddable":true,"href":"https:\/\/grow24.us\/index.php?rest_route=\/wp\/v2\/users\/1"}],"replies":[{"embeddable":true,"href":"https:\/\/grow24.us\/index.php?rest_route=%2Fwp%2Fv2%2Fcomments&post=37345"}],"version-history":[{"count":1,"href":"https:\/\/grow24.us\/index.php?rest_route=\/wp\/v2\/posts\/37345\/revisions"}],"predecessor-version":[{"id":37347,"href":"https:\/\/grow24.us\/index.php?rest_route=\/wp\/v2\/posts\/37345\/revisions\/37347"}],"wp:featuredmedia":[{"embeddable":true,"href":"https:\/\/grow24.us\/index.php?rest_route=\/wp\/v2\/media\/37346"}],"wp:attachment":[{"href":"https:\/\/grow24.us\/index.php?rest_route=%2Fwp%2Fv2%2Fmedia&parent=37345"}],"wp:term":[{"taxonomy":"category","embeddable":true,"href":"https:\/\/grow24.us\/index.php?rest_route=%2Fwp%2Fv2%2Fcategories&post=37345"},{"taxonomy":"post_tag","embeddable":true,"href":"https:\/\/grow24.us\/index.php?rest_route=%2Fwp%2Fv2%2Ftags&post=37345"}],"curies":[{"name":"wp","href":"https:\/\/api.w.org\/{rel}","templated":true}]}}