{"id":37340,"date":"2026-09-02T18:23:41","date_gmt":"2026-09-02T18:23:41","guid":{"rendered":"https:\/\/grow24.us\/?p=37340"},"modified":"2026-09-02T18:23:41","modified_gmt":"2026-09-02T18:23:41","slug":"nuk-e-votojne-sejdiun-per-president-ish-emisari-amerikan-grenell-mbeshtet-gjashte-deputetet-e-ldk-se","status":"publish","type":"post","link":"https:\/\/grow24.us\/?p=37340","title":{"rendered":"Nuk e votojn\u00eb Sejdiun p\u00ebr president, ish emisari amerikan Grenell mb\u00ebshtet gjasht\u00eb deputet\u00ebt e LDK-s\u00eb"},"content":{"rendered":"<p>Ish emisari amerikan Ballkanin, Richard Grenell ka reaguar ndaj zhvillimeve t\u00eb fundit politike n\u00eb Kosov\u00eb.<\/p>\n<p>Ai ka mb\u00ebshtetur gjasht\u00eb deputet\u00ebt e Lidhjes Demokratike t\u00eb Kosov\u00ebs, t\u00eb cil\u00ebt kan\u00eb deklaruar se nuk do ta votojn\u00eb kandidatin p\u00ebr president, Bekim Sejdiun.<\/p>\n<p>Grenell n\u00eb nj\u00eb postim n\u00eb rrjetin X ka publikuar nj\u00eb fotografi t\u00eb gjasht\u00eb kandidat\u00ebve t\u00eb LDK-s\u00eb me nj\u00eb mbishkrim.<br \/>\n\u201cMiku im Avdullah Hoti dhe koleg\u00ebt e tij jan\u00eb miq t\u00eb m\u00ebdhenj t\u00eb Amerik\u00ebs\u201d, ka shkruar ai.<\/p>\n<div class=\"ai-viewport-3\" data-insertion-position=\"prepend\" data-selector=\".ai-insert-3-77574452\" data-insertion-no-dbg=\"\" data-code=\"PGRpdiBjbGFzcz0nY29kZS1ibG9jayBjb2RlLWJsb2NrLTMnIHN0eWxlPSdtYXJnaW46IDhweCAwOyBjbGVhcjogYm90aDsnPgo8ZGl2IGlkPSJnal84Ij4KICAgIDxzY3JpcHQgdHlwZT0idGV4dC9qYXZhc2NyaXB0Ij4KICAgICAgICB3aW5kb3cuQU5Db25maWcgPSB3aW5kb3cuQU5Db25maWcgfHwge307CiAgICAgICAgd2luZG93LkFOQ29uZmlnLnBsYWNlbWVudHMgPSB3aW5kb3cuQU5Db25maWcucGxhY2VtZW50cyB8fCBbXTsKCiAgICAgICAgd2luZG93LkFOQ29uZmlnLnBsYWNlbWVudHMucHVzaCh7CiAgICAgICAgICAgIGFkVW5pdElkOiAnZ2pfOCcsCiAgICAgICAgICAgIHByb3BlcnR5SWQ6ICcxMDUyNjcnLAogICAgICAgICAgICBwbGFjZW1lbnRJZDogJzg0Njc4NScsCiAgICAgICAgICAgIGRhdGE6IHsKICAgICAgICAgICAgfSwKICAgICAgICAgICAgb25Mb2FkOiBmdW5jdGlvbiAoYWRVbml0SWQpIHsKICAgICAgICAgICAgICAgIGNvbnNvbGUubG9nKCcxJywgYWRVbml0SWQpOwogICAgICAgICAgICB9LAogICAgICAgICAgICBvbkZhaWw6IGZ1bmN0aW9uIChhZFVuaXRJZCkgewogICAgICAgICAgICAgICAgY29uc29sZS5sb2coJzAnLCBhZFVuaXRJZCk7CiAgICAgICAgICAgICAgICAvL2ZhbGxiYWNrIGNvZGUKICAgICAgICAgICAgfSwKICAgICAgICB9KTsKCiAgICAgICAgKGZ1bmN0aW9uICgpIHsKICAgICAgICAgICAgaWYgKCFkb2N1bWVudC5nZXRFbGVtZW50QnlJZCgnYXAtanMnKSkgewogICAgICAgICAgICAgICAgdmFyIHZlciA9IG5ldyBEYXRlKCkudG9JU09TdHJpbmcoKS5zcGxpdCgnOicpWzBdLnJlcGxhY2UoL1xEL2csJycpOwogICAgICAgICAgICAgICAgdmFyIGFwanMgPSBkb2N1bWVudC5jcmVhdGVFbGVtZW50KCJzY3JpcHQiKTsKICAgICAgICAgICAgICAgIGFwanMudHlwZSA9ICJ0ZXh0L2phdmFzY3JpcHQiOwogICAgICAgICAgICAgICAgYXBqcy5hc3luYyA9IHRydWU7CiAgICAgICAgICAgICAgICBhcGpzLnNldEF0dHJpYnV0ZSgnaWQnLCAnYXAtanMnKTsKICAgICAgICAgICAgICAgIGFwanMuc3JjID0gImh0dHBzOi8vY2VudHJhbC5namlyYWZhLmNvbS9qcy9hcC1namFub3V0LmpzP3Y9IiArIHZlcjsKICAgICAgICAgICAgICAgIGRvY3VtZW50LmhlYWQuYXBwZW5kKGFwanMpOwogICAgICAgICAgICB9CiAgICAgICAgfSkoKTsKICAgICA8L3NjcmlwdD4KPC9kaXY+PC9kaXY+Cg==\" data-block=\"3\">\n<div class=\"code-block code-block-3\">\n<div id=\"gj_8\"><img loading=\"lazy\" decoding=\"async\" class=\"aligncenter size-full wp-image-37341\" src=\"https:\/\/grow24.us\/wp-content\/uploads\/2026\/09\/IMG_7207.jpeg\" alt=\"\" width=\"990\" height=\"557\" srcset=\"https:\/\/grow24.us\/wp-content\/uploads\/2026\/09\/IMG_7207.jpeg 990w, https:\/\/grow24.us\/wp-content\/uploads\/2026\/09\/IMG_7207-300x169.jpeg 300w, https:\/\/grow24.us\/wp-content\/uploads\/2026\/09\/IMG_7207-768x432.jpeg 768w\" sizes=\"auto, (max-width: 990px) 100vw, 990px\" \/><\/div>\n<\/div>\n<\/div>\n<p>Gjasht\u00eb deputet\u00eb t\u00eb LDK-s\u00eb \u2013 Avdullah Hoti, Hykmete Bajrami, Arben Gashi, Armend Zemaj, Kujtim Shala dhe Janina Ymeri \u2013 kan\u00eb deklaruar se nuk do ta mb\u00ebshtesin Bekim Sejdiun p\u00ebr president.<\/p>\n<div class=\"ai-viewport-3\" data-insertion-position=\"prepend\" data-selector=\".ai-insert-4-76079765\" data-insertion-no-dbg=\"\" data-code=\"PGRpdiBjbGFzcz0nY29kZS1ibG9jayBjb2RlLWJsb2NrLTQnIHN0eWxlPSdtYXJnaW46IDhweCAwOyBjbGVhcjogYm90aDsnPgo8Y2VudGVyPgogIDxkaXYgY2xhc3M9ImFkcy1jb250YWluZXIiPgogICAgPCEtLSBQQSBBZCBUYWcgLSBrb3JyZXNwb2RlbnRpLmNvbV9yb3NfMzAweDI1MCA8LSBETyBOT1QgTU9ESUZZIC0tPgogICAgPHNjcmlwdCBzcmM9Ii8vYWRzLnByb2plY3RhZ29yYXNlcnZpY2VzLmNvbS8\/aWQ9MjM3MjYiIHR5cGU9InRleHQvamF2YXNjcmlwdCI+PC9zY3JpcHQ+CiAgICA8IS0tIEVuZCBQQSBBZCBUYWcgLS0+CiAgPC9kaXY+CjwvY2VudGVyPgo8L2Rpdj4K\" data-block=\"4\">\n<div class=\"code-block code-block-4\"><center><\/p>\n<div class=\"ads-container\"><\/div>\n<p><\/center><\/div>\n<\/div>\n","protected":false},"excerpt":{"rendered":"<p>Ish emisari amerikan Ballkanin, Richard Grenell ka reaguar ndaj zhvillimeve t\u00eb fundit politike n\u00eb Kosov\u00eb. Ai ka mb\u00ebshtetur gjasht\u00eb deputet\u00ebt e Lidhjes Demokratike t\u00eb Kosov\u00ebs, t\u00eb cil\u00ebt&#8230; <\/p>\n","protected":false},"author":1,"featured_media":37342,"comment_status":"closed","ping_status":"closed","sticky":false,"template":"","format":"standard","meta":{"footnotes":""},"categories":[1],"tags":[],"class_list":["post-37340","post","type-post","status-publish","format-standard","has-post-thumbnail","hentry","category-news"],"yoast_head":"<!-- This site is optimized with the Yoast SEO plugin v28.1 - https:\/\/yoast.com\/product\/yoast-seo-wordpress\/ -->\n<title>Nuk e votojn\u00eb Sejdiun p\u00ebr president, ish emisari amerikan Grenell mb\u00ebshtet gjasht\u00eb deputet\u00ebt e LDK-s\u00eb - FRESH<\/title>\n<meta name=\"robots\" content=\"index, follow, max-snippet:-1, max-image-preview:large, max-video-preview:-1\" \/>\n<link rel=\"canonical\" href=\"https:\/\/grow24.us\/?p=37340\" \/>\n<meta property=\"og:locale\" content=\"en_US\" \/>\n<meta property=\"og:type\" content=\"article\" \/>\n<meta property=\"og:title\" content=\"Nuk e votojn\u00eb Sejdiun p\u00ebr president, ish emisari amerikan Grenell mb\u00ebshtet gjasht\u00eb deputet\u00ebt e LDK-s\u00eb - FRESH\" \/>\n<meta property=\"og:description\" content=\"Ish emisari amerikan Ballkanin, Richard Grenell ka reaguar ndaj zhvillimeve t\u00eb fundit politike n\u00eb Kosov\u00eb. Ai ka mb\u00ebshtetur gjasht\u00eb deputet\u00ebt e Lidhjes Demokratike t\u00eb Kosov\u00ebs, t\u00eb cil\u00ebt...\" \/>\n<meta property=\"og:url\" content=\"https:\/\/grow24.us\/?p=37340\" \/>\n<meta property=\"og:site_name\" content=\"FRESH\" \/>\n<meta property=\"article:published_time\" content=\"2026-09-02T18:23:41+00:00\" \/>\n<meta property=\"og:image\" content=\"https:\/\/grow24.us\/wp-content\/uploads\/2026\/09\/IMG_7206.jpeg\" \/>\n\t<meta property=\"og:image:width\" content=\"1320\" \/>\n\t<meta property=\"og:image:height\" content=\"1474\" \/>\n\t<meta property=\"og:image:type\" content=\"image\/jpeg\" \/>\n<meta name=\"author\" content=\"Admin\" \/>\n<meta name=\"twitter:card\" content=\"summary_large_image\" \/>\n<meta name=\"twitter:label1\" content=\"Written by\" \/>\n\t<meta name=\"twitter:data1\" content=\"Admin\" \/>\n\t<meta name=\"twitter:label2\" content=\"Est. reading time\" \/>\n\t<meta name=\"twitter:data2\" content=\"1 minute\" \/>\n<script type=\"application\/ld+json\" class=\"yoast-schema-graph\">{\"@context\":\"https:\\\/\\\/schema.org\",\"@graph\":[{\"@type\":\"Article\",\"@id\":\"https:\\\/\\\/grow24.us\\\/?p=37340#article\",\"isPartOf\":{\"@id\":\"https:\\\/\\\/grow24.us\\\/?p=37340\"},\"author\":{\"name\":\"Admin\",\"@id\":\"https:\\\/\\\/grow24.us\\\/#\\\/schema\\\/person\\\/04517c00d12fed4d6429f34df94a5345\"},\"headline\":\"Nuk e votojn\u00eb Sejdiun p\u00ebr president, ish emisari amerikan Grenell mb\u00ebshtet gjasht\u00eb deputet\u00ebt e LDK-s\u00eb\",\"datePublished\":\"2026-09-02T18:23:41+00:00\",\"mainEntityOfPage\":{\"@id\":\"https:\\\/\\\/grow24.us\\\/?p=37340\"},\"wordCount\":132,\"image\":{\"@id\":\"https:\\\/\\\/grow24.us\\\/?p=37340#primaryimage\"},\"thumbnailUrl\":\"https:\\\/\\\/grow24.us\\\/wp-content\\\/uploads\\\/2026\\\/09\\\/IMG_7206.jpeg\",\"articleSection\":[\"News\"],\"inLanguage\":\"en-US\"},{\"@type\":\"WebPage\",\"@id\":\"https:\\\/\\\/grow24.us\\\/?p=37340\",\"url\":\"https:\\\/\\\/grow24.us\\\/?p=37340\",\"name\":\"Nuk e votojn\u00eb Sejdiun p\u00ebr president, ish emisari amerikan Grenell mb\u00ebshtet gjasht\u00eb deputet\u00ebt e LDK-s\u00eb - FRESH\",\"isPartOf\":{\"@id\":\"https:\\\/\\\/grow24.us\\\/#website\"},\"primaryImageOfPage\":{\"@id\":\"https:\\\/\\\/grow24.us\\\/?p=37340#primaryimage\"},\"image\":{\"@id\":\"https:\\\/\\\/grow24.us\\\/?p=37340#primaryimage\"},\"thumbnailUrl\":\"https:\\\/\\\/grow24.us\\\/wp-content\\\/uploads\\\/2026\\\/09\\\/IMG_7206.jpeg\",\"datePublished\":\"2026-09-02T18:23:41+00:00\",\"author\":{\"@id\":\"https:\\\/\\\/grow24.us\\\/#\\\/schema\\\/person\\\/04517c00d12fed4d6429f34df94a5345\"},\"breadcrumb\":{\"@id\":\"https:\\\/\\\/grow24.us\\\/?p=37340#breadcrumb\"},\"inLanguage\":\"en-US\",\"potentialAction\":[{\"@type\":\"ReadAction\",\"target\":[\"https:\\\/\\\/grow24.us\\\/?p=37340\"]}]},{\"@type\":\"ImageObject\",\"inLanguage\":\"en-US\",\"@id\":\"https:\\\/\\\/grow24.us\\\/?p=37340#primaryimage\",\"url\":\"https:\\\/\\\/grow24.us\\\/wp-content\\\/uploads\\\/2026\\\/09\\\/IMG_7206.jpeg\",\"contentUrl\":\"https:\\\/\\\/grow24.us\\\/wp-content\\\/uploads\\\/2026\\\/09\\\/IMG_7206.jpeg\",\"width\":1320,\"height\":1474,\"caption\":\"Screenshot\"},{\"@type\":\"BreadcrumbList\",\"@id\":\"https:\\\/\\\/grow24.us\\\/?p=37340#breadcrumb\",\"itemListElement\":[{\"@type\":\"ListItem\",\"position\":1,\"name\":\"Home\",\"item\":\"https:\\\/\\\/grow24.us\\\/\"},{\"@type\":\"ListItem\",\"position\":2,\"name\":\"Nuk e votojn\u00eb Sejdiun p\u00ebr president, ish emisari amerikan Grenell mb\u00ebshtet gjasht\u00eb deputet\u00ebt e LDK-s\u00eb\"}]},{\"@type\":\"WebSite\",\"@id\":\"https:\\\/\\\/grow24.us\\\/#website\",\"url\":\"https:\\\/\\\/grow24.us\\\/\",\"name\":\"FRESH\",\"description\":\"\",\"potentialAction\":[{\"@type\":\"SearchAction\",\"target\":{\"@type\":\"EntryPoint\",\"urlTemplate\":\"https:\\\/\\\/grow24.us\\\/?s={search_term_string}\"},\"query-input\":{\"@type\":\"PropertyValueSpecification\",\"valueRequired\":true,\"valueName\":\"search_term_string\"}}],\"inLanguage\":\"en-US\"},{\"@type\":\"Person\",\"@id\":\"https:\\\/\\\/grow24.us\\\/#\\\/schema\\\/person\\\/04517c00d12fed4d6429f34df94a5345\",\"name\":\"Admin\",\"image\":{\"@type\":\"ImageObject\",\"inLanguage\":\"en-US\",\"@id\":\"https:\\\/\\\/secure.gravatar.com\\\/avatar\\\/a7123a349c15f1436c0b6ef0cb0678b16dcae27681f998bb30c9de74e4d77c2b?s=96&d=mm&r=g\",\"url\":\"https:\\\/\\\/secure.gravatar.com\\\/avatar\\\/a7123a349c15f1436c0b6ef0cb0678b16dcae27681f998bb30c9de74e4d77c2b?s=96&d=mm&r=g\",\"contentUrl\":\"https:\\\/\\\/secure.gravatar.com\\\/avatar\\\/a7123a349c15f1436c0b6ef0cb0678b16dcae27681f998bb30c9de74e4d77c2b?s=96&d=mm&r=g\",\"caption\":\"Admin\"},\"sameAs\":[\"http:\\\/\\\/grow24.us\"],\"url\":\"https:\\\/\\\/grow24.us\\\/?author=1\"}]}<\/script>\n<!-- \/ Yoast SEO plugin. -->","yoast_head_json":{"title":"Nuk e votojn\u00eb Sejdiun p\u00ebr president, ish emisari amerikan Grenell mb\u00ebshtet gjasht\u00eb deputet\u00ebt e LDK-s\u00eb - FRESH","robots":{"index":"index","follow":"follow","max-snippet":"max-snippet:-1","max-image-preview":"max-image-preview:large","max-video-preview":"max-video-preview:-1"},"canonical":"https:\/\/grow24.us\/?p=37340","og_locale":"en_US","og_type":"article","og_title":"Nuk e votojn\u00eb Sejdiun p\u00ebr president, ish emisari amerikan Grenell mb\u00ebshtet gjasht\u00eb deputet\u00ebt e LDK-s\u00eb - FRESH","og_description":"Ish emisari amerikan Ballkanin, Richard Grenell ka reaguar ndaj zhvillimeve t\u00eb fundit politike n\u00eb Kosov\u00eb. Ai ka mb\u00ebshtetur gjasht\u00eb deputet\u00ebt e Lidhjes Demokratike t\u00eb Kosov\u00ebs, t\u00eb cil\u00ebt...","og_url":"https:\/\/grow24.us\/?p=37340","og_site_name":"FRESH","article_published_time":"2026-09-02T18:23:41+00:00","og_image":[{"width":1320,"height":1474,"url":"https:\/\/grow24.us\/wp-content\/uploads\/2026\/09\/IMG_7206.jpeg","type":"image\/jpeg"}],"author":"Admin","twitter_card":"summary_large_image","twitter_misc":{"Written by":"Admin","Est. reading time":"1 minute"},"schema":{"@context":"https:\/\/schema.org","@graph":[{"@type":"Article","@id":"https:\/\/grow24.us\/?p=37340#article","isPartOf":{"@id":"https:\/\/grow24.us\/?p=37340"},"author":{"name":"Admin","@id":"https:\/\/grow24.us\/#\/schema\/person\/04517c00d12fed4d6429f34df94a5345"},"headline":"Nuk e votojn\u00eb Sejdiun p\u00ebr president, ish emisari amerikan Grenell mb\u00ebshtet gjasht\u00eb deputet\u00ebt e LDK-s\u00eb","datePublished":"2026-09-02T18:23:41+00:00","mainEntityOfPage":{"@id":"https:\/\/grow24.us\/?p=37340"},"wordCount":132,"image":{"@id":"https:\/\/grow24.us\/?p=37340#primaryimage"},"thumbnailUrl":"https:\/\/grow24.us\/wp-content\/uploads\/2026\/09\/IMG_7206.jpeg","articleSection":["News"],"inLanguage":"en-US"},{"@type":"WebPage","@id":"https:\/\/grow24.us\/?p=37340","url":"https:\/\/grow24.us\/?p=37340","name":"Nuk e votojn\u00eb Sejdiun p\u00ebr president, ish emisari amerikan Grenell mb\u00ebshtet gjasht\u00eb deputet\u00ebt e LDK-s\u00eb - FRESH","isPartOf":{"@id":"https:\/\/grow24.us\/#website"},"primaryImageOfPage":{"@id":"https:\/\/grow24.us\/?p=37340#primaryimage"},"image":{"@id":"https:\/\/grow24.us\/?p=37340#primaryimage"},"thumbnailUrl":"https:\/\/grow24.us\/wp-content\/uploads\/2026\/09\/IMG_7206.jpeg","datePublished":"2026-09-02T18:23:41+00:00","author":{"@id":"https:\/\/grow24.us\/#\/schema\/person\/04517c00d12fed4d6429f34df94a5345"},"breadcrumb":{"@id":"https:\/\/grow24.us\/?p=37340#breadcrumb"},"inLanguage":"en-US","potentialAction":[{"@type":"ReadAction","target":["https:\/\/grow24.us\/?p=37340"]}]},{"@type":"ImageObject","inLanguage":"en-US","@id":"https:\/\/grow24.us\/?p=37340#primaryimage","url":"https:\/\/grow24.us\/wp-content\/uploads\/2026\/09\/IMG_7206.jpeg","contentUrl":"https:\/\/grow24.us\/wp-content\/uploads\/2026\/09\/IMG_7206.jpeg","width":1320,"height":1474,"caption":"Screenshot"},{"@type":"BreadcrumbList","@id":"https:\/\/grow24.us\/?p=37340#breadcrumb","itemListElement":[{"@type":"ListItem","position":1,"name":"Home","item":"https:\/\/grow24.us\/"},{"@type":"ListItem","position":2,"name":"Nuk e votojn\u00eb Sejdiun p\u00ebr president, ish emisari amerikan Grenell mb\u00ebshtet gjasht\u00eb deputet\u00ebt e LDK-s\u00eb"}]},{"@type":"WebSite","@id":"https:\/\/grow24.us\/#website","url":"https:\/\/grow24.us\/","name":"FRESH","description":"","potentialAction":[{"@type":"SearchAction","target":{"@type":"EntryPoint","urlTemplate":"https:\/\/grow24.us\/?s={search_term_string}"},"query-input":{"@type":"PropertyValueSpecification","valueRequired":true,"valueName":"search_term_string"}}],"inLanguage":"en-US"},{"@type":"Person","@id":"https:\/\/grow24.us\/#\/schema\/person\/04517c00d12fed4d6429f34df94a5345","name":"Admin","image":{"@type":"ImageObject","inLanguage":"en-US","@id":"https:\/\/secure.gravatar.com\/avatar\/a7123a349c15f1436c0b6ef0cb0678b16dcae27681f998bb30c9de74e4d77c2b?s=96&d=mm&r=g","url":"https:\/\/secure.gravatar.com\/avatar\/a7123a349c15f1436c0b6ef0cb0678b16dcae27681f998bb30c9de74e4d77c2b?s=96&d=mm&r=g","contentUrl":"https:\/\/secure.gravatar.com\/avatar\/a7123a349c15f1436c0b6ef0cb0678b16dcae27681f998bb30c9de74e4d77c2b?s=96&d=mm&r=g","caption":"Admin"},"sameAs":["http:\/\/grow24.us"],"url":"https:\/\/grow24.us\/?author=1"}]}},"_links":{"self":[{"href":"https:\/\/grow24.us\/index.php?rest_route=\/wp\/v2\/posts\/37340","targetHints":{"allow":["GET"]}}],"collection":[{"href":"https:\/\/grow24.us\/index.php?rest_route=\/wp\/v2\/posts"}],"about":[{"href":"https:\/\/grow24.us\/index.php?rest_route=\/wp\/v2\/types\/post"}],"author":[{"embeddable":true,"href":"https:\/\/grow24.us\/index.php?rest_route=\/wp\/v2\/users\/1"}],"replies":[{"embeddable":true,"href":"https:\/\/grow24.us\/index.php?rest_route=%2Fwp%2Fv2%2Fcomments&post=37340"}],"version-history":[{"count":1,"href":"https:\/\/grow24.us\/index.php?rest_route=\/wp\/v2\/posts\/37340\/revisions"}],"predecessor-version":[{"id":37343,"href":"https:\/\/grow24.us\/index.php?rest_route=\/wp\/v2\/posts\/37340\/revisions\/37343"}],"wp:featuredmedia":[{"embeddable":true,"href":"https:\/\/grow24.us\/index.php?rest_route=\/wp\/v2\/media\/37342"}],"wp:attachment":[{"href":"https:\/\/grow24.us\/index.php?rest_route=%2Fwp%2Fv2%2Fmedia&parent=37340"}],"wp:term":[{"taxonomy":"category","embeddable":true,"href":"https:\/\/grow24.us\/index.php?rest_route=%2Fwp%2Fv2%2Fcategories&post=37340"},{"taxonomy":"post_tag","embeddable":true,"href":"https:\/\/grow24.us\/index.php?rest_route=%2Fwp%2Fv2%2Ftags&post=37340"}],"curies":[{"name":"wp","href":"https:\/\/api.w.org\/{rel}","templated":true}]}}