{"id":37336,"date":"2026-09-02T18:19:41","date_gmt":"2026-09-02T18:19:41","guid":{"rendered":"https:\/\/grow24.us\/?p=37336"},"modified":"2026-09-02T18:19:41","modified_gmt":"2026-09-02T18:19:41","slug":"kurti-ata-qe-po-nxitohen-per-konstituimin-e-kuvendit-mund-te-duan-zgjedhje-te-reja-dhe-incidente","status":"publish","type":"post","link":"https:\/\/grow24.us\/?p=37336","title":{"rendered":"Kurti: Ata q\u00eb po nxitohen p\u00ebr konstituimin e Kuvendit mund t\u00eb duan zgjedhje t\u00eb reja dhe incidente"},"content":{"rendered":"<p>Kryetari i L\u00ebvizjes Vet\u00ebvendosje, Albin Kurti, ka deklaruar se seanca p\u00ebr konstituimin e Kuvendit duhet t\u00eb thirret nga kryesuesi i Kuvendit, Avni Dehari i cili ka b\u00ebr\u00eb thirrje q\u00eb procesi t\u00eb zhvillohet pa incidente dhe pa tensione.<br \/>\n<img loading=\"lazy\" decoding=\"async\" class=\"aligncenter size-full wp-image-37337\" src=\"https:\/\/grow24.us\/wp-content\/uploads\/2026\/09\/IMG_7205.jpeg\" alt=\"\" width=\"1536\" height=\"1012\" srcset=\"https:\/\/grow24.us\/wp-content\/uploads\/2026\/09\/IMG_7205.jpeg 1536w, https:\/\/grow24.us\/wp-content\/uploads\/2026\/09\/IMG_7205-300x198.jpeg 300w, https:\/\/grow24.us\/wp-content\/uploads\/2026\/09\/IMG_7205-1024x675.jpeg 1024w, https:\/\/grow24.us\/wp-content\/uploads\/2026\/09\/IMG_7205-768x506.jpeg 768w\" sizes=\"auto, (max-width: 1536px) 100vw, 1536px\" \/><\/p>\n<p>Kurti tha se Dehari synon ta th\u00ebrras\u00eb seanc\u00ebn p\u00ebr konstituimin e institucioneve, por theksoi se kjo duhet t\u00eb b\u00ebhet n\u00eb nj\u00eb situat\u00eb t\u00eb qet\u00eb dhe pa p\u00ebrpjekje p\u00ebr p\u00ebrshkall\u00ebzim t\u00eb situat\u00ebs politike.<\/p>\n<p>Tash seanc\u00ebn e th\u00ebrret kryesuesi, q\u00eb \u00ebsht\u00eb Avni Dehari. Ai d\u00ebshiron ta th\u00ebrras\u00eb seanc\u00ebn p\u00ebr konstituim t\u00eb institucioneve, por pa incidente, pa dhun\u00eb, pa p\u00ebrpjekje p\u00ebr ta tensionuar dhe m\u00eb tej situat\u00ebn\u201d, ka th\u00ebn\u00eb Kurti.<\/p>\n<div class=\"ai-viewport-3\" data-insertion-position=\"prepend\" data-selector=\".ai-insert-3-50439805\" data-insertion-no-dbg=\"\" data-code=\"PGRpdiBjbGFzcz0nY29kZS1ibG9jayBjb2RlLWJsb2NrLTMnIHN0eWxlPSdtYXJnaW46IDhweCAwOyBjbGVhcjogYm90aDsnPgo8ZGl2IGlkPSJnal84Ij4KICAgIDxzY3JpcHQgdHlwZT0idGV4dC9qYXZhc2NyaXB0Ij4KICAgICAgICB3aW5kb3cuQU5Db25maWcgPSB3aW5kb3cuQU5Db25maWcgfHwge307CiAgICAgICAgd2luZG93LkFOQ29uZmlnLnBsYWNlbWVudHMgPSB3aW5kb3cuQU5Db25maWcucGxhY2VtZW50cyB8fCBbXTsKCiAgICAgICAgd2luZG93LkFOQ29uZmlnLnBsYWNlbWVudHMucHVzaCh7CiAgICAgICAgICAgIGFkVW5pdElkOiAnZ2pfOCcsCiAgICAgICAgICAgIHByb3BlcnR5SWQ6ICcxMDUyNjcnLAogICAgICAgICAgICBwbGFjZW1lbnRJZDogJzg0Njc4NScsCiAgICAgICAgICAgIGRhdGE6IHsKICAgICAgICAgICAgfSwKICAgICAgICAgICAgb25Mb2FkOiBmdW5jdGlvbiAoYWRVbml0SWQpIHsKICAgICAgICAgICAgICAgIGNvbnNvbGUubG9nKCcxJywgYWRVbml0SWQpOwogICAgICAgICAgICB9LAogICAgICAgICAgICBvbkZhaWw6IGZ1bmN0aW9uIChhZFVuaXRJZCkgewogICAgICAgICAgICAgICAgY29uc29sZS5sb2coJzAnLCBhZFVuaXRJZCk7CiAgICAgICAgICAgICAgICAvL2ZhbGxiYWNrIGNvZGUKICAgICAgICAgICAgfSwKICAgICAgICB9KTsKCiAgICAgICAgKGZ1bmN0aW9uICgpIHsKICAgICAgICAgICAgaWYgKCFkb2N1bWVudC5nZXRFbGVtZW50QnlJZCgnYXAtanMnKSkgewogICAgICAgICAgICAgICAgdmFyIHZlciA9IG5ldyBEYXRlKCkudG9JU09TdHJpbmcoKS5zcGxpdCgnOicpWzBdLnJlcGxhY2UoL1xEL2csJycpOwogICAgICAgICAgICAgICAgdmFyIGFwanMgPSBkb2N1bWVudC5jcmVhdGVFbGVtZW50KCJzY3JpcHQiKTsKICAgICAgICAgICAgICAgIGFwanMudHlwZSA9ICJ0ZXh0L2phdmFzY3JpcHQiOwogICAgICAgICAgICAgICAgYXBqcy5hc3luYyA9IHRydWU7CiAgICAgICAgICAgICAgICBhcGpzLnNldEF0dHJpYnV0ZSgnaWQnLCAnYXAtanMnKTsKICAgICAgICAgICAgICAgIGFwanMuc3JjID0gImh0dHBzOi8vY2VudHJhbC5namlyYWZhLmNvbS9qcy9hcC1namFub3V0LmpzP3Y9IiArIHZlcjsKICAgICAgICAgICAgICAgIGRvY3VtZW50LmhlYWQuYXBwZW5kKGFwanMpOwogICAgICAgICAgICB9CiAgICAgICAgfSkoKTsKICAgICA8L3NjcmlwdD4KPC9kaXY+PC9kaXY+Cg==\" data-block=\"3\">\n<div class=\"code-block code-block-3\">\n<div id=\"gj_8\"><\/div>\n<\/div>\n<\/div>\n<p>Sipas tij, ata q\u00eb k\u00ebrkojn\u00eb me ngulm konstituimin e Kuvendit, nd\u00ebrkoh\u00eb q\u00eb nuk e mb\u00ebshtesin zgjidhjen p\u00ebr presidentin e vendit, n\u00eb fakt nuk jan\u00eb t\u00eb interesuar p\u00ebr funksionalizimin e institucioneve.<\/p>\n<div class=\"ai-viewport-3\" data-insertion-position=\"prepend\" data-selector=\".ai-insert-4-79507393\" data-insertion-no-dbg=\"\" data-code=\"PGRpdiBjbGFzcz0nY29kZS1ibG9jayBjb2RlLWJsb2NrLTQnIHN0eWxlPSdtYXJnaW46IDhweCAwOyBjbGVhcjogYm90aDsnPgo8Y2VudGVyPgogIDxkaXYgY2xhc3M9ImFkcy1jb250YWluZXIiPgogICAgPCEtLSBQQSBBZCBUYWcgLSBrb3JyZXNwb2RlbnRpLmNvbV9yb3NfMzAweDI1MCA8LSBETyBOT1QgTU9ESUZZIC0tPgogICAgPHNjcmlwdCBzcmM9Ii8vYWRzLnByb2plY3RhZ29yYXNlcnZpY2VzLmNvbS8\/aWQ9MjM3MjYiIHR5cGU9InRleHQvamF2YXNjcmlwdCI+PC9zY3JpcHQ+CiAgICA8IS0tIEVuZCBQQSBBZCBUYWcgLS0+CiAgPC9kaXY+CjwvY2VudGVyPgo8L2Rpdj4K\" data-block=\"4\">\n<div class=\"code-block code-block-4\">\n<div class=\"ads-container\">\n<p>Ata t\u00eb cil\u00ebt po nxitohen p\u00ebr konstituim t\u00eb Kuvendit, kur n\u00eb fakt nuk po mb\u00ebshtesin zgjidhjen p\u00ebr president, n\u00eb fakt nuk po duan konstituim t\u00eb Kuvendit, por po duan zgjedhje t\u00eb p\u00ebrs\u00ebritura q\u00eb jan\u00eb thell\u00ebsisht t\u00eb panevojshme, n\u00eb nj\u00ebr\u00ebn an\u00eb, dhe n\u00eb an\u00ebn tjet\u00ebr ndoshta duan incidente\u201d, \u00ebsht\u00eb shprehur Kurti.<\/p>\n<div class=\"ai-viewport-3\" data-insertion-position=\"prepend\" data-selector=\".ai-insert-6-34535292\" data-insertion-no-dbg=\"\" data-code=\"PGRpdiBjbGFzcz0nY29kZS1ibG9jayBjb2RlLWJsb2NrLTYnIHN0eWxlPSdtYXJnaW46IDhweCAwOyBjbGVhcjogYm90aDsnPgo8Y2VudGVyPgogIDxkaXYgY2xhc3M9ImFkcy1jb250YWluZXIiPgogICAgPCEtLSBQQSBBZCBUYWcgLSBrb3JyZXNwb2RlbnRpLmNvbV9yb3NfMzAweDI1MCA8LSBETyBOT1QgTU9ESUZZIC0tPgogICAgPHNjcmlwdCBzcmM9Ii8vYWRzLnByb2plY3RhZ29yYXNlcnZpY2VzLmNvbS8\/aWQ9MjM3MjYiIHR5cGU9InRleHQvamF2YXNjcmlwdCI+PC9zY3JpcHQ+CiAgICA8IS0tIEVuZCBQQSBBZCBUYWcgLS0+CiAgPC9kaXY+CjwvY2VudGVyPgo8L2Rpdj4K\" data-block=\"6\">\n<div class=\"code-block code-block-6\"><center><\/p>\n<div class=\"ads-container\"><\/div>\n<p><\/center><\/div>\n<\/div>\n<\/div>\n<\/div>\n<\/div>\n","protected":false},"excerpt":{"rendered":"<p>Kryetari i L\u00ebvizjes Vet\u00ebvendosje, Albin Kurti, ka deklaruar se seanca p\u00ebr konstituimin e Kuvendit duhet t\u00eb thirret nga kryesuesi i Kuvendit, Avni Dehari i cili ka b\u00ebr\u00eb&#8230; <\/p>\n","protected":false},"author":1,"featured_media":37338,"comment_status":"closed","ping_status":"closed","sticky":false,"template":"","format":"standard","meta":{"footnotes":""},"categories":[1],"tags":[],"class_list":["post-37336","post","type-post","status-publish","format-standard","has-post-thumbnail","hentry","category-news"],"yoast_head":"<!-- This site is optimized with the Yoast SEO plugin v28.1 - https:\/\/yoast.com\/product\/yoast-seo-wordpress\/ -->\n<title>Kurti: Ata q\u00eb po nxitohen p\u00ebr konstituimin e Kuvendit mund t\u00eb duan zgjedhje t\u00eb reja dhe incidente - FRESH<\/title>\n<meta name=\"robots\" content=\"index, follow, max-snippet:-1, max-image-preview:large, max-video-preview:-1\" \/>\n<link rel=\"canonical\" href=\"https:\/\/grow24.us\/?p=37336\" \/>\n<meta property=\"og:locale\" content=\"en_US\" \/>\n<meta property=\"og:type\" content=\"article\" \/>\n<meta property=\"og:title\" content=\"Kurti: Ata q\u00eb po nxitohen p\u00ebr konstituimin e Kuvendit mund t\u00eb duan zgjedhje t\u00eb reja dhe incidente - FRESH\" \/>\n<meta property=\"og:description\" content=\"Kryetari i L\u00ebvizjes Vet\u00ebvendosje, Albin Kurti, ka deklaruar se seanca p\u00ebr konstituimin e Kuvendit duhet t\u00eb thirret nga kryesuesi i Kuvendit, Avni Dehari i cili ka b\u00ebr\u00eb...\" \/>\n<meta property=\"og:url\" content=\"https:\/\/grow24.us\/?p=37336\" \/>\n<meta property=\"og:site_name\" content=\"FRESH\" \/>\n<meta property=\"article:published_time\" content=\"2026-09-02T18:19:41+00:00\" \/>\n<meta property=\"og:image\" content=\"https:\/\/grow24.us\/wp-content\/uploads\/2026\/09\/IMG_7204.jpeg\" \/>\n\t<meta property=\"og:image:width\" content=\"1320\" \/>\n\t<meta property=\"og:image:height\" content=\"1475\" \/>\n\t<meta property=\"og:image:type\" content=\"image\/jpeg\" \/>\n<meta name=\"author\" content=\"Admin\" \/>\n<meta name=\"twitter:card\" content=\"summary_large_image\" \/>\n<meta name=\"twitter:label1\" content=\"Written by\" \/>\n\t<meta name=\"twitter:data1\" content=\"Admin\" \/>\n\t<meta name=\"twitter:label2\" content=\"Est. reading time\" \/>\n\t<meta name=\"twitter:data2\" content=\"2 minutes\" \/>\n<script type=\"application\/ld+json\" class=\"yoast-schema-graph\">{\"@context\":\"https:\\\/\\\/schema.org\",\"@graph\":[{\"@type\":\"Article\",\"@id\":\"https:\\\/\\\/grow24.us\\\/?p=37336#article\",\"isPartOf\":{\"@id\":\"https:\\\/\\\/grow24.us\\\/?p=37336\"},\"author\":{\"name\":\"Admin\",\"@id\":\"https:\\\/\\\/grow24.us\\\/#\\\/schema\\\/person\\\/04517c00d12fed4d6429f34df94a5345\"},\"headline\":\"Kurti: Ata q\u00eb po nxitohen p\u00ebr konstituimin e Kuvendit mund t\u00eb duan zgjedhje t\u00eb reja dhe incidente\",\"datePublished\":\"2026-09-02T18:19:41+00:00\",\"mainEntityOfPage\":{\"@id\":\"https:\\\/\\\/grow24.us\\\/?p=37336\"},\"wordCount\":241,\"image\":{\"@id\":\"https:\\\/\\\/grow24.us\\\/?p=37336#primaryimage\"},\"thumbnailUrl\":\"https:\\\/\\\/grow24.us\\\/wp-content\\\/uploads\\\/2026\\\/09\\\/IMG_7204.jpeg\",\"articleSection\":[\"News\"],\"inLanguage\":\"en-US\"},{\"@type\":\"WebPage\",\"@id\":\"https:\\\/\\\/grow24.us\\\/?p=37336\",\"url\":\"https:\\\/\\\/grow24.us\\\/?p=37336\",\"name\":\"Kurti: Ata q\u00eb po nxitohen p\u00ebr konstituimin e Kuvendit mund t\u00eb duan zgjedhje t\u00eb reja dhe incidente - FRESH\",\"isPartOf\":{\"@id\":\"https:\\\/\\\/grow24.us\\\/#website\"},\"primaryImageOfPage\":{\"@id\":\"https:\\\/\\\/grow24.us\\\/?p=37336#primaryimage\"},\"image\":{\"@id\":\"https:\\\/\\\/grow24.us\\\/?p=37336#primaryimage\"},\"thumbnailUrl\":\"https:\\\/\\\/grow24.us\\\/wp-content\\\/uploads\\\/2026\\\/09\\\/IMG_7204.jpeg\",\"datePublished\":\"2026-09-02T18:19:41+00:00\",\"author\":{\"@id\":\"https:\\\/\\\/grow24.us\\\/#\\\/schema\\\/person\\\/04517c00d12fed4d6429f34df94a5345\"},\"breadcrumb\":{\"@id\":\"https:\\\/\\\/grow24.us\\\/?p=37336#breadcrumb\"},\"inLanguage\":\"en-US\",\"potentialAction\":[{\"@type\":\"ReadAction\",\"target\":[\"https:\\\/\\\/grow24.us\\\/?p=37336\"]}]},{\"@type\":\"ImageObject\",\"inLanguage\":\"en-US\",\"@id\":\"https:\\\/\\\/grow24.us\\\/?p=37336#primaryimage\",\"url\":\"https:\\\/\\\/grow24.us\\\/wp-content\\\/uploads\\\/2026\\\/09\\\/IMG_7204.jpeg\",\"contentUrl\":\"https:\\\/\\\/grow24.us\\\/wp-content\\\/uploads\\\/2026\\\/09\\\/IMG_7204.jpeg\",\"width\":1320,\"height\":1475,\"caption\":\"Screenshot\"},{\"@type\":\"BreadcrumbList\",\"@id\":\"https:\\\/\\\/grow24.us\\\/?p=37336#breadcrumb\",\"itemListElement\":[{\"@type\":\"ListItem\",\"position\":1,\"name\":\"Home\",\"item\":\"https:\\\/\\\/grow24.us\\\/\"},{\"@type\":\"ListItem\",\"position\":2,\"name\":\"Kurti: Ata q\u00eb po nxitohen p\u00ebr konstituimin e Kuvendit mund t\u00eb duan zgjedhje t\u00eb reja dhe incidente\"}]},{\"@type\":\"WebSite\",\"@id\":\"https:\\\/\\\/grow24.us\\\/#website\",\"url\":\"https:\\\/\\\/grow24.us\\\/\",\"name\":\"FRESH\",\"description\":\"\",\"potentialAction\":[{\"@type\":\"SearchAction\",\"target\":{\"@type\":\"EntryPoint\",\"urlTemplate\":\"https:\\\/\\\/grow24.us\\\/?s={search_term_string}\"},\"query-input\":{\"@type\":\"PropertyValueSpecification\",\"valueRequired\":true,\"valueName\":\"search_term_string\"}}],\"inLanguage\":\"en-US\"},{\"@type\":\"Person\",\"@id\":\"https:\\\/\\\/grow24.us\\\/#\\\/schema\\\/person\\\/04517c00d12fed4d6429f34df94a5345\",\"name\":\"Admin\",\"image\":{\"@type\":\"ImageObject\",\"inLanguage\":\"en-US\",\"@id\":\"https:\\\/\\\/secure.gravatar.com\\\/avatar\\\/a7123a349c15f1436c0b6ef0cb0678b16dcae27681f998bb30c9de74e4d77c2b?s=96&d=mm&r=g\",\"url\":\"https:\\\/\\\/secure.gravatar.com\\\/avatar\\\/a7123a349c15f1436c0b6ef0cb0678b16dcae27681f998bb30c9de74e4d77c2b?s=96&d=mm&r=g\",\"contentUrl\":\"https:\\\/\\\/secure.gravatar.com\\\/avatar\\\/a7123a349c15f1436c0b6ef0cb0678b16dcae27681f998bb30c9de74e4d77c2b?s=96&d=mm&r=g\",\"caption\":\"Admin\"},\"sameAs\":[\"http:\\\/\\\/grow24.us\"],\"url\":\"https:\\\/\\\/grow24.us\\\/?author=1\"}]}<\/script>\n<!-- \/ Yoast SEO plugin. -->","yoast_head_json":{"title":"Kurti: Ata q\u00eb po nxitohen p\u00ebr konstituimin e Kuvendit mund t\u00eb duan zgjedhje t\u00eb reja dhe incidente - FRESH","robots":{"index":"index","follow":"follow","max-snippet":"max-snippet:-1","max-image-preview":"max-image-preview:large","max-video-preview":"max-video-preview:-1"},"canonical":"https:\/\/grow24.us\/?p=37336","og_locale":"en_US","og_type":"article","og_title":"Kurti: Ata q\u00eb po nxitohen p\u00ebr konstituimin e Kuvendit mund t\u00eb duan zgjedhje t\u00eb reja dhe incidente - FRESH","og_description":"Kryetari i L\u00ebvizjes Vet\u00ebvendosje, Albin Kurti, ka deklaruar se seanca p\u00ebr konstituimin e Kuvendit duhet t\u00eb thirret nga kryesuesi i Kuvendit, Avni Dehari i cili ka b\u00ebr\u00eb...","og_url":"https:\/\/grow24.us\/?p=37336","og_site_name":"FRESH","article_published_time":"2026-09-02T18:19:41+00:00","og_image":[{"width":1320,"height":1475,"url":"https:\/\/grow24.us\/wp-content\/uploads\/2026\/09\/IMG_7204.jpeg","type":"image\/jpeg"}],"author":"Admin","twitter_card":"summary_large_image","twitter_misc":{"Written by":"Admin","Est. reading time":"2 minutes"},"schema":{"@context":"https:\/\/schema.org","@graph":[{"@type":"Article","@id":"https:\/\/grow24.us\/?p=37336#article","isPartOf":{"@id":"https:\/\/grow24.us\/?p=37336"},"author":{"name":"Admin","@id":"https:\/\/grow24.us\/#\/schema\/person\/04517c00d12fed4d6429f34df94a5345"},"headline":"Kurti: Ata q\u00eb po nxitohen p\u00ebr konstituimin e Kuvendit mund t\u00eb duan zgjedhje t\u00eb reja dhe incidente","datePublished":"2026-09-02T18:19:41+00:00","mainEntityOfPage":{"@id":"https:\/\/grow24.us\/?p=37336"},"wordCount":241,"image":{"@id":"https:\/\/grow24.us\/?p=37336#primaryimage"},"thumbnailUrl":"https:\/\/grow24.us\/wp-content\/uploads\/2026\/09\/IMG_7204.jpeg","articleSection":["News"],"inLanguage":"en-US"},{"@type":"WebPage","@id":"https:\/\/grow24.us\/?p=37336","url":"https:\/\/grow24.us\/?p=37336","name":"Kurti: Ata q\u00eb po nxitohen p\u00ebr konstituimin e Kuvendit mund t\u00eb duan zgjedhje t\u00eb reja dhe incidente - FRESH","isPartOf":{"@id":"https:\/\/grow24.us\/#website"},"primaryImageOfPage":{"@id":"https:\/\/grow24.us\/?p=37336#primaryimage"},"image":{"@id":"https:\/\/grow24.us\/?p=37336#primaryimage"},"thumbnailUrl":"https:\/\/grow24.us\/wp-content\/uploads\/2026\/09\/IMG_7204.jpeg","datePublished":"2026-09-02T18:19:41+00:00","author":{"@id":"https:\/\/grow24.us\/#\/schema\/person\/04517c00d12fed4d6429f34df94a5345"},"breadcrumb":{"@id":"https:\/\/grow24.us\/?p=37336#breadcrumb"},"inLanguage":"en-US","potentialAction":[{"@type":"ReadAction","target":["https:\/\/grow24.us\/?p=37336"]}]},{"@type":"ImageObject","inLanguage":"en-US","@id":"https:\/\/grow24.us\/?p=37336#primaryimage","url":"https:\/\/grow24.us\/wp-content\/uploads\/2026\/09\/IMG_7204.jpeg","contentUrl":"https:\/\/grow24.us\/wp-content\/uploads\/2026\/09\/IMG_7204.jpeg","width":1320,"height":1475,"caption":"Screenshot"},{"@type":"BreadcrumbList","@id":"https:\/\/grow24.us\/?p=37336#breadcrumb","itemListElement":[{"@type":"ListItem","position":1,"name":"Home","item":"https:\/\/grow24.us\/"},{"@type":"ListItem","position":2,"name":"Kurti: Ata q\u00eb po nxitohen p\u00ebr konstituimin e Kuvendit mund t\u00eb duan zgjedhje t\u00eb reja dhe incidente"}]},{"@type":"WebSite","@id":"https:\/\/grow24.us\/#website","url":"https:\/\/grow24.us\/","name":"FRESH","description":"","potentialAction":[{"@type":"SearchAction","target":{"@type":"EntryPoint","urlTemplate":"https:\/\/grow24.us\/?s={search_term_string}"},"query-input":{"@type":"PropertyValueSpecification","valueRequired":true,"valueName":"search_term_string"}}],"inLanguage":"en-US"},{"@type":"Person","@id":"https:\/\/grow24.us\/#\/schema\/person\/04517c00d12fed4d6429f34df94a5345","name":"Admin","image":{"@type":"ImageObject","inLanguage":"en-US","@id":"https:\/\/secure.gravatar.com\/avatar\/a7123a349c15f1436c0b6ef0cb0678b16dcae27681f998bb30c9de74e4d77c2b?s=96&d=mm&r=g","url":"https:\/\/secure.gravatar.com\/avatar\/a7123a349c15f1436c0b6ef0cb0678b16dcae27681f998bb30c9de74e4d77c2b?s=96&d=mm&r=g","contentUrl":"https:\/\/secure.gravatar.com\/avatar\/a7123a349c15f1436c0b6ef0cb0678b16dcae27681f998bb30c9de74e4d77c2b?s=96&d=mm&r=g","caption":"Admin"},"sameAs":["http:\/\/grow24.us"],"url":"https:\/\/grow24.us\/?author=1"}]}},"_links":{"self":[{"href":"https:\/\/grow24.us\/index.php?rest_route=\/wp\/v2\/posts\/37336","targetHints":{"allow":["GET"]}}],"collection":[{"href":"https:\/\/grow24.us\/index.php?rest_route=\/wp\/v2\/posts"}],"about":[{"href":"https:\/\/grow24.us\/index.php?rest_route=\/wp\/v2\/types\/post"}],"author":[{"embeddable":true,"href":"https:\/\/grow24.us\/index.php?rest_route=\/wp\/v2\/users\/1"}],"replies":[{"embeddable":true,"href":"https:\/\/grow24.us\/index.php?rest_route=%2Fwp%2Fv2%2Fcomments&post=37336"}],"version-history":[{"count":1,"href":"https:\/\/grow24.us\/index.php?rest_route=\/wp\/v2\/posts\/37336\/revisions"}],"predecessor-version":[{"id":37339,"href":"https:\/\/grow24.us\/index.php?rest_route=\/wp\/v2\/posts\/37336\/revisions\/37339"}],"wp:featuredmedia":[{"embeddable":true,"href":"https:\/\/grow24.us\/index.php?rest_route=\/wp\/v2\/media\/37338"}],"wp:attachment":[{"href":"https:\/\/grow24.us\/index.php?rest_route=%2Fwp%2Fv2%2Fmedia&parent=37336"}],"wp:term":[{"taxonomy":"category","embeddable":true,"href":"https:\/\/grow24.us\/index.php?rest_route=%2Fwp%2Fv2%2Fcategories&post=37336"},{"taxonomy":"post_tag","embeddable":true,"href":"https:\/\/grow24.us\/index.php?rest_route=%2Fwp%2Fv2%2Ftags&post=37336"}],"curies":[{"name":"wp","href":"https:\/\/api.w.org\/{rel}","templated":true}]}}