{"id":37194,"date":"2026-09-01T09:13:02","date_gmt":"2026-09-01T09:13:02","guid":{"rendered":"https:\/\/grow24.us\/?p=37194"},"modified":"2026-09-01T09:13:02","modified_gmt":"2026-09-01T09:13:02","slug":"erdogan-u-ben-thirrje-muslimaneve-per-unitet-duhet-te-jemi-bashke-si-tullat-ne-mur","status":"publish","type":"post","link":"https:\/\/grow24.us\/?p=37194","title":{"rendered":"Erdogan u b\u00ebn thirrje musliman\u00ebve p\u00ebr unitet: Duhet t\u00eb jemi bashk\u00eb si tullat n\u00eb mur"},"content":{"rendered":"<div id=\"tdi_52\" class=\"tdc-row\">\n<div class=\"vc_row tdi_53  wpb_row td-pb-row\">\n<div class=\"vc_column tdi_55  wpb_column vc_column_container tdc-column td-pb-span12\">\n<div class=\"wpb_wrapper\">\n<div class=\"td_block_wrap tdb_title tdi_65 tdb-single-title td-pb-border-top td_block_template_1\" data-td-block-uid=\"tdi_65\">\n<div class=\"tdb-block-inner td-fix-index\">\n<h1 class=\"tdb-title-text\">Erdogan u b\u00ebn thirrje musliman\u00ebve p\u00ebr unitet: Duhet t\u00eb jemi bashk\u00eb si tullat n\u00eb mur<\/h1>\n<\/div>\n<\/div>\n<\/div>\n<\/div>\n<\/div>\n<\/div>\n<div id=\"tdi_90\" class=\"tdc-row\">\n<div class=\"vc_row tdi_91  wpb_row td-pb-row\">\n<div class=\"vc_column tdi_93  wpb_column vc_column_container tdc-column td-pb-span8\">\n<div class=\"wpb_wrapper\">\n<div class=\"clearfix\"><\/div>\n<div class=\"td_block_wrap tdb_single_featured_image tdi_94 tdb-content-horiz-left td-pb-border-top td_block_template_1\" data-td-block-uid=\"tdi_94\">\n<div class=\"tdb-block-inner td-fix-index\"><a class=\"td-modal-image\" href=\"https:\/\/korrespodenti.com\/wp-content\/uploads\/2026\/08\/Screenshot_20260829_105454_Facebook.jpg\" data-caption=\"\"><img loading=\"lazy\" decoding=\"async\" class=\"entry-thumb entered lazyloaded\" title=\"Screenshot_20260829_105454_Facebook\" src=\"https:\/\/korrespodenti.com\/wp-content\/uploads\/2026\/08\/Screenshot_20260829_105454_Facebook.jpg\" sizes=\"auto, (max-width: 990px) 100vw, 990px\" srcset=\"https:\/\/korrespodenti.com\/wp-content\/uploads\/2026\/08\/Screenshot_20260829_105454_Facebook.jpg 990w, https:\/\/korrespodenti.com\/wp-content\/uploads\/2026\/08\/Screenshot_20260829_105454_Facebook-300x168.jpg 300w, https:\/\/korrespodenti.com\/wp-content\/uploads\/2026\/08\/Screenshot_20260829_105454_Facebook-768x431.jpg 768w, https:\/\/korrespodenti.com\/wp-content\/uploads\/2026\/08\/Screenshot_20260829_105454_Facebook-150x84.jpg 150w, https:\/\/korrespodenti.com\/wp-content\/uploads\/2026\/08\/Screenshot_20260829_105454_Facebook-696x391.jpg 696w\" alt=\"\" width=\"990\" height=\"556\" data-lazy-srcset=\"https:\/\/korrespodenti.com\/wp-content\/uploads\/2026\/08\/Screenshot_20260829_105454_Facebook.jpg 990w, https:\/\/korrespodenti.com\/wp-content\/uploads\/2026\/08\/Screenshot_20260829_105454_Facebook-300x168.jpg 300w, https:\/\/korrespodenti.com\/wp-content\/uploads\/2026\/08\/Screenshot_20260829_105454_Facebook-768x431.jpg 768w, https:\/\/korrespodenti.com\/wp-content\/uploads\/2026\/08\/Screenshot_20260829_105454_Facebook-150x84.jpg 150w, https:\/\/korrespodenti.com\/wp-content\/uploads\/2026\/08\/Screenshot_20260829_105454_Facebook-696x391.jpg 696w\" data-lazy-sizes=\"(max-width: 990px) 100vw, 990px\" data-lazy-src=\"https:\/\/korrespodenti.com\/wp-content\/uploads\/2026\/08\/Screenshot_20260829_105454_Facebook.jpg\" data-ll-status=\"loaded\" \/><\/a><\/div>\n<\/div>\n<div class=\"td_block_wrap tdb_single_content tdi_97 td-pb-border-top td_block_template_1 td-post-content tagdiv-type\" data-td-block-uid=\"tdi_97\">\n<div class=\"tdb-block-inner td-fix-index\">\n<p>Presidenti turk, Recep Tayyip Erdogan, ka deklaruar se Ankaraja po punon p\u00ebr t\u00eb forcuar aleancat dhe p\u00ebr t\u00eb zvog\u00ebluar mosmarr\u00ebveshjet n\u00eb mbar\u00eb bot\u00ebn islame.<\/p>\n<p>\u201cNe besojm\u00eb se ka mir\u00ebsi n\u00eb unitet, po punojm\u00eb p\u00ebr t\u00eb forcuar aleancat dhe p\u00ebr t\u00eb zvog\u00ebluar mosmarr\u00ebveshjet si mes nesh, ashtu edhe n\u00eb mbar\u00eb bot\u00ebn islame\u201d, tha Erdogan n\u00eb fjalimin e tij n\u00eb programin e Jav\u00ebs s\u00eb Lindjes s\u00eb Profetit Muhamed n\u00eb Stamboll.<\/p>\n<p>Presidenti Erdogan tha se shpreson q\u00eb musliman\u00ebt, \u201ct\u00eb cil\u00ebt form\u00ebsuan historin\u00eb dhe soll\u00ebn rend n\u00eb bot\u00eb p\u00ebr shekuj me radh\u00eb\u201d, t\u00eb ribashkohen \u201csi tullat n\u00eb nj\u00eb mur\u201d.<\/p>\n<p>Ai theksoi r\u00ebnd\u00ebsin\u00eb e unitetit mes musliman\u00ebve, duke u b\u00ebr\u00eb thirrje atyre t\u00eb mbrojn\u00eb t\u00eb drejtat e tyre dhe t\u00eb punojn\u00eb s\u00eb bashku p\u00ebr t\u00eb nd\u00ebrtuar paqen dhe sigurin\u00eb n\u00eb rajon.<\/p>\n<p>\u201cPo kalojm\u00eb n\u00ebp\u00ebr nj\u00eb luft\u00eb historike mes s\u00eb mir\u00ebs dhe s\u00eb keqes dhe dasht\u00eb Zoti e mira do t\u00eb triumfoj\u00eb\u201d, shtoi Erdogan.<\/p>\n<div class=\"ai-viewport-1\" data-insertion-position=\"prepend\" data-selector=\".ai-insert-5-53762148\" data-insertion-no-dbg=\"\" data-code=\"PGRpdiBjbGFzcz0nY29kZS1ibG9jayBjb2RlLWJsb2NrLTUnIHN0eWxlPSdtYXJnaW46IDhweCAwOyBjbGVhcjogYm90aDsnPgo8ZGl2IGlkPSJnal81Ij4KICAgIDxzY3JpcHQgdHlwZT0idGV4dC9qYXZhc2NyaXB0Ij4KICAgICAgICB3aW5kb3cuQU5Db25maWcgPSB3aW5kb3cuQU5Db25maWcgfHwge307CiAgICAgICAgd2luZG93LkFOQ29uZmlnLnBsYWNlbWVudHMgPSB3aW5kb3cuQU5Db25maWcucGxhY2VtZW50cyB8fCBbXTsKCiAgICAgICAgd2luZG93LkFOQ29uZmlnLnBsYWNlbWVudHMucHVzaCh7CiAgICAgICAgICAgIGFkVW5pdElkOiAnZ2pfNScsCiAgICAgICAgICAgIHByb3BlcnR5SWQ6ICcxMDUyNjcnLAogICAgICAgICAgICBwbGFjZW1lbnRJZDogJzg0NjA2NScsCiAgICAgICAgICAgIGRhdGE6IHsKICAgICAgICAgICAgfSwKICAgICAgICAgICAgb25Mb2FkOiBmdW5jdGlvbiAoYWRVbml0SWQpIHsKICAgICAgICAgICAgICAgIGNvbnNvbGUubG9nKCcxJywgYWRVbml0SWQpOwogICAgICAgICAgICB9LAogICAgICAgICAgICBvbkZhaWw6IGZ1bmN0aW9uIChhZFVuaXRJZCkgewogICAgICAgICAgICAgICAgY29uc29sZS5sb2coJzAnLCBhZFVuaXRJZCk7CiAgICAgICAgICAgICAgICAvL2ZhbGxiYWNrIGNvZGUKICAgICAgICAgICAgfSwKICAgICAgICB9KTsKCiAgICAgICAgKGZ1bmN0aW9uICgpIHsKICAgICAgICAgICAgaWYgKCFkb2N1bWVudC5nZXRFbGVtZW50QnlJZCgnYXAtanMnKSkgewogICAgICAgICAgICAgICAgdmFyIHZlciA9IG5ldyBEYXRlKCkudG9JU09TdHJpbmcoKS5zcGxpdCgnOicpWzBdLnJlcGxhY2UoL1xEL2csJycpOwogICAgICAgICAgICAgICAgdmFyIGFwanMgPSBkb2N1bWVudC5jcmVhdGVFbGVtZW50KCJzY3JpcHQiKTsKICAgICAgICAgICAgICAgIGFwanMudHlwZSA9ICJ0ZXh0L2phdmFzY3JpcHQiOwogICAgICAgICAgICAgICAgYXBqcy5hc3luYyA9IHRydWU7CiAgICAgICAgICAgICAgICBhcGpzLnNldEF0dHJpYnV0ZSgnaWQnLCAnYXAtanMnKTsKICAgICAgICAgICAgICAgIGFwanMuc3JjID0gImh0dHBzOi8vY2VudHJhbC5namlyYWZhLmNvbS9qcy9hcC1namFub3V0LmpzP3Y9IiArIHZlcjsKICAgICAgICAgICAgICAgIGRvY3VtZW50LmhlYWQuYXBwZW5kKGFwanMpOwogICAgICAgICAgICB9CiAgICAgICAgfSkoKTsKICAgICA8L3NjcmlwdD4KPC9kaXY+PC9kaXY+Cg==\" data-block=\"5\">\n<div class=\"code-block code-block-5\">\n<div id=\"gj_5\"><\/div>\n<\/div>\n<\/div>\n<p>\u201cIdeologjia radikale, pushtuese dhe gjenocidale e njohur si sioniz\u00ebm\u201d, paralajm\u00ebroi Erdogan, \u201cjo vet\u00ebm q\u00eb k\u00ebrc\u00ebnon paqen e fqinj\u00ebve t\u00eb saj, por gjithashtu v\u00eb n\u00eb sh\u00ebnjest\u00ebr k\u00ebdo q\u00eb mbron vlerat njer\u00ebzore\u201d. \/<\/p>\n<\/div>\n<\/div>\n<\/div>\n<\/div>\n<\/div>\n<\/div>\n","protected":false},"excerpt":{"rendered":"<p>Erdogan u b\u00ebn thirrje musliman\u00ebve p\u00ebr unitet: Duhet t\u00eb jemi bashk\u00eb si tullat n\u00eb mur Presidenti turk, Recep Tayyip Erdogan, ka deklaruar se Ankaraja po punon p\u00ebr&#8230; <\/p>\n","protected":false},"author":1,"featured_media":37195,"comment_status":"closed","ping_status":"closed","sticky":false,"template":"","format":"standard","meta":{"footnotes":""},"categories":[1],"tags":[],"class_list":["post-37194","post","type-post","status-publish","format-standard","has-post-thumbnail","hentry","category-news"],"yoast_head":"<!-- This site is optimized with the Yoast SEO plugin v28.1 - https:\/\/yoast.com\/product\/yoast-seo-wordpress\/ -->\n<title>Erdogan u b\u00ebn thirrje musliman\u00ebve p\u00ebr unitet: Duhet t\u00eb jemi bashk\u00eb si tullat n\u00eb mur - FRESH<\/title>\n<meta name=\"robots\" content=\"index, follow, max-snippet:-1, max-image-preview:large, max-video-preview:-1\" \/>\n<link rel=\"canonical\" href=\"https:\/\/grow24.us\/?p=37194\" \/>\n<meta property=\"og:locale\" content=\"en_US\" \/>\n<meta property=\"og:type\" content=\"article\" \/>\n<meta property=\"og:title\" content=\"Erdogan u b\u00ebn thirrje musliman\u00ebve p\u00ebr unitet: Duhet t\u00eb jemi bashk\u00eb si tullat n\u00eb mur - FRESH\" \/>\n<meta property=\"og:description\" content=\"Erdogan u b\u00ebn thirrje musliman\u00ebve p\u00ebr unitet: Duhet t\u00eb jemi bashk\u00eb si tullat n\u00eb mur Presidenti turk, Recep Tayyip Erdogan, ka deklaruar se Ankaraja po punon p\u00ebr...\" \/>\n<meta property=\"og:url\" content=\"https:\/\/grow24.us\/?p=37194\" \/>\n<meta property=\"og:site_name\" content=\"FRESH\" \/>\n<meta property=\"article:published_time\" content=\"2026-09-01T09:13:02+00:00\" \/>\n<meta property=\"og:image\" content=\"https:\/\/grow24.us\/wp-content\/uploads\/2026\/09\/22.png\" \/>\n\t<meta property=\"og:image:width\" content=\"742\" \/>\n\t<meta property=\"og:image:height\" content=\"842\" \/>\n\t<meta property=\"og:image:type\" content=\"image\/png\" \/>\n<meta name=\"author\" content=\"Admin\" \/>\n<meta name=\"twitter:card\" content=\"summary_large_image\" \/>\n<meta name=\"twitter:label1\" content=\"Written by\" \/>\n\t<meta name=\"twitter:data1\" content=\"Admin\" \/>\n\t<meta name=\"twitter:label2\" content=\"Est. reading time\" \/>\n\t<meta name=\"twitter:data2\" content=\"2 minutes\" \/>\n<script type=\"application\/ld+json\" class=\"yoast-schema-graph\">{\"@context\":\"https:\\\/\\\/schema.org\",\"@graph\":[{\"@type\":\"Article\",\"@id\":\"https:\\\/\\\/grow24.us\\\/?p=37194#article\",\"isPartOf\":{\"@id\":\"https:\\\/\\\/grow24.us\\\/?p=37194\"},\"author\":{\"name\":\"Admin\",\"@id\":\"https:\\\/\\\/grow24.us\\\/#\\\/schema\\\/person\\\/04517c00d12fed4d6429f34df94a5345\"},\"headline\":\"Erdogan u b\u00ebn thirrje musliman\u00ebve p\u00ebr unitet: Duhet t\u00eb jemi bashk\u00eb si tullat n\u00eb mur\",\"datePublished\":\"2026-09-01T09:13:02+00:00\",\"mainEntityOfPage\":{\"@id\":\"https:\\\/\\\/grow24.us\\\/?p=37194\"},\"wordCount\":250,\"image\":{\"@id\":\"https:\\\/\\\/grow24.us\\\/?p=37194#primaryimage\"},\"thumbnailUrl\":\"https:\\\/\\\/grow24.us\\\/wp-content\\\/uploads\\\/2026\\\/09\\\/22.png\",\"articleSection\":[\"News\"],\"inLanguage\":\"en-US\"},{\"@type\":\"WebPage\",\"@id\":\"https:\\\/\\\/grow24.us\\\/?p=37194\",\"url\":\"https:\\\/\\\/grow24.us\\\/?p=37194\",\"name\":\"Erdogan u b\u00ebn thirrje musliman\u00ebve p\u00ebr unitet: Duhet t\u00eb jemi bashk\u00eb si tullat n\u00eb mur - FRESH\",\"isPartOf\":{\"@id\":\"https:\\\/\\\/grow24.us\\\/#website\"},\"primaryImageOfPage\":{\"@id\":\"https:\\\/\\\/grow24.us\\\/?p=37194#primaryimage\"},\"image\":{\"@id\":\"https:\\\/\\\/grow24.us\\\/?p=37194#primaryimage\"},\"thumbnailUrl\":\"https:\\\/\\\/grow24.us\\\/wp-content\\\/uploads\\\/2026\\\/09\\\/22.png\",\"datePublished\":\"2026-09-01T09:13:02+00:00\",\"author\":{\"@id\":\"https:\\\/\\\/grow24.us\\\/#\\\/schema\\\/person\\\/04517c00d12fed4d6429f34df94a5345\"},\"breadcrumb\":{\"@id\":\"https:\\\/\\\/grow24.us\\\/?p=37194#breadcrumb\"},\"inLanguage\":\"en-US\",\"potentialAction\":[{\"@type\":\"ReadAction\",\"target\":[\"https:\\\/\\\/grow24.us\\\/?p=37194\"]}]},{\"@type\":\"ImageObject\",\"inLanguage\":\"en-US\",\"@id\":\"https:\\\/\\\/grow24.us\\\/?p=37194#primaryimage\",\"url\":\"https:\\\/\\\/grow24.us\\\/wp-content\\\/uploads\\\/2026\\\/09\\\/22.png\",\"contentUrl\":\"https:\\\/\\\/grow24.us\\\/wp-content\\\/uploads\\\/2026\\\/09\\\/22.png\",\"width\":742,\"height\":842},{\"@type\":\"BreadcrumbList\",\"@id\":\"https:\\\/\\\/grow24.us\\\/?p=37194#breadcrumb\",\"itemListElement\":[{\"@type\":\"ListItem\",\"position\":1,\"name\":\"Home\",\"item\":\"https:\\\/\\\/grow24.us\\\/\"},{\"@type\":\"ListItem\",\"position\":2,\"name\":\"Erdogan u b\u00ebn thirrje musliman\u00ebve p\u00ebr unitet: Duhet t\u00eb jemi bashk\u00eb si tullat n\u00eb mur\"}]},{\"@type\":\"WebSite\",\"@id\":\"https:\\\/\\\/grow24.us\\\/#website\",\"url\":\"https:\\\/\\\/grow24.us\\\/\",\"name\":\"FRESH\",\"description\":\"\",\"potentialAction\":[{\"@type\":\"SearchAction\",\"target\":{\"@type\":\"EntryPoint\",\"urlTemplate\":\"https:\\\/\\\/grow24.us\\\/?s={search_term_string}\"},\"query-input\":{\"@type\":\"PropertyValueSpecification\",\"valueRequired\":true,\"valueName\":\"search_term_string\"}}],\"inLanguage\":\"en-US\"},{\"@type\":\"Person\",\"@id\":\"https:\\\/\\\/grow24.us\\\/#\\\/schema\\\/person\\\/04517c00d12fed4d6429f34df94a5345\",\"name\":\"Admin\",\"image\":{\"@type\":\"ImageObject\",\"inLanguage\":\"en-US\",\"@id\":\"https:\\\/\\\/secure.gravatar.com\\\/avatar\\\/a7123a349c15f1436c0b6ef0cb0678b16dcae27681f998bb30c9de74e4d77c2b?s=96&d=mm&r=g\",\"url\":\"https:\\\/\\\/secure.gravatar.com\\\/avatar\\\/a7123a349c15f1436c0b6ef0cb0678b16dcae27681f998bb30c9de74e4d77c2b?s=96&d=mm&r=g\",\"contentUrl\":\"https:\\\/\\\/secure.gravatar.com\\\/avatar\\\/a7123a349c15f1436c0b6ef0cb0678b16dcae27681f998bb30c9de74e4d77c2b?s=96&d=mm&r=g\",\"caption\":\"Admin\"},\"sameAs\":[\"http:\\\/\\\/grow24.us\"],\"url\":\"https:\\\/\\\/grow24.us\\\/?author=1\"}]}<\/script>\n<!-- \/ Yoast SEO plugin. -->","yoast_head_json":{"title":"Erdogan u b\u00ebn thirrje musliman\u00ebve p\u00ebr unitet: Duhet t\u00eb jemi bashk\u00eb si tullat n\u00eb mur - FRESH","robots":{"index":"index","follow":"follow","max-snippet":"max-snippet:-1","max-image-preview":"max-image-preview:large","max-video-preview":"max-video-preview:-1"},"canonical":"https:\/\/grow24.us\/?p=37194","og_locale":"en_US","og_type":"article","og_title":"Erdogan u b\u00ebn thirrje musliman\u00ebve p\u00ebr unitet: Duhet t\u00eb jemi bashk\u00eb si tullat n\u00eb mur - FRESH","og_description":"Erdogan u b\u00ebn thirrje musliman\u00ebve p\u00ebr unitet: Duhet t\u00eb jemi bashk\u00eb si tullat n\u00eb mur Presidenti turk, Recep Tayyip Erdogan, ka deklaruar se Ankaraja po punon p\u00ebr...","og_url":"https:\/\/grow24.us\/?p=37194","og_site_name":"FRESH","article_published_time":"2026-09-01T09:13:02+00:00","og_image":[{"width":742,"height":842,"url":"https:\/\/grow24.us\/wp-content\/uploads\/2026\/09\/22.png","type":"image\/png"}],"author":"Admin","twitter_card":"summary_large_image","twitter_misc":{"Written by":"Admin","Est. reading time":"2 minutes"},"schema":{"@context":"https:\/\/schema.org","@graph":[{"@type":"Article","@id":"https:\/\/grow24.us\/?p=37194#article","isPartOf":{"@id":"https:\/\/grow24.us\/?p=37194"},"author":{"name":"Admin","@id":"https:\/\/grow24.us\/#\/schema\/person\/04517c00d12fed4d6429f34df94a5345"},"headline":"Erdogan u b\u00ebn thirrje musliman\u00ebve p\u00ebr unitet: Duhet t\u00eb jemi bashk\u00eb si tullat n\u00eb mur","datePublished":"2026-09-01T09:13:02+00:00","mainEntityOfPage":{"@id":"https:\/\/grow24.us\/?p=37194"},"wordCount":250,"image":{"@id":"https:\/\/grow24.us\/?p=37194#primaryimage"},"thumbnailUrl":"https:\/\/grow24.us\/wp-content\/uploads\/2026\/09\/22.png","articleSection":["News"],"inLanguage":"en-US"},{"@type":"WebPage","@id":"https:\/\/grow24.us\/?p=37194","url":"https:\/\/grow24.us\/?p=37194","name":"Erdogan u b\u00ebn thirrje musliman\u00ebve p\u00ebr unitet: Duhet t\u00eb jemi bashk\u00eb si tullat n\u00eb mur - FRESH","isPartOf":{"@id":"https:\/\/grow24.us\/#website"},"primaryImageOfPage":{"@id":"https:\/\/grow24.us\/?p=37194#primaryimage"},"image":{"@id":"https:\/\/grow24.us\/?p=37194#primaryimage"},"thumbnailUrl":"https:\/\/grow24.us\/wp-content\/uploads\/2026\/09\/22.png","datePublished":"2026-09-01T09:13:02+00:00","author":{"@id":"https:\/\/grow24.us\/#\/schema\/person\/04517c00d12fed4d6429f34df94a5345"},"breadcrumb":{"@id":"https:\/\/grow24.us\/?p=37194#breadcrumb"},"inLanguage":"en-US","potentialAction":[{"@type":"ReadAction","target":["https:\/\/grow24.us\/?p=37194"]}]},{"@type":"ImageObject","inLanguage":"en-US","@id":"https:\/\/grow24.us\/?p=37194#primaryimage","url":"https:\/\/grow24.us\/wp-content\/uploads\/2026\/09\/22.png","contentUrl":"https:\/\/grow24.us\/wp-content\/uploads\/2026\/09\/22.png","width":742,"height":842},{"@type":"BreadcrumbList","@id":"https:\/\/grow24.us\/?p=37194#breadcrumb","itemListElement":[{"@type":"ListItem","position":1,"name":"Home","item":"https:\/\/grow24.us\/"},{"@type":"ListItem","position":2,"name":"Erdogan u b\u00ebn thirrje musliman\u00ebve p\u00ebr unitet: Duhet t\u00eb jemi bashk\u00eb si tullat n\u00eb mur"}]},{"@type":"WebSite","@id":"https:\/\/grow24.us\/#website","url":"https:\/\/grow24.us\/","name":"FRESH","description":"","potentialAction":[{"@type":"SearchAction","target":{"@type":"EntryPoint","urlTemplate":"https:\/\/grow24.us\/?s={search_term_string}"},"query-input":{"@type":"PropertyValueSpecification","valueRequired":true,"valueName":"search_term_string"}}],"inLanguage":"en-US"},{"@type":"Person","@id":"https:\/\/grow24.us\/#\/schema\/person\/04517c00d12fed4d6429f34df94a5345","name":"Admin","image":{"@type":"ImageObject","inLanguage":"en-US","@id":"https:\/\/secure.gravatar.com\/avatar\/a7123a349c15f1436c0b6ef0cb0678b16dcae27681f998bb30c9de74e4d77c2b?s=96&d=mm&r=g","url":"https:\/\/secure.gravatar.com\/avatar\/a7123a349c15f1436c0b6ef0cb0678b16dcae27681f998bb30c9de74e4d77c2b?s=96&d=mm&r=g","contentUrl":"https:\/\/secure.gravatar.com\/avatar\/a7123a349c15f1436c0b6ef0cb0678b16dcae27681f998bb30c9de74e4d77c2b?s=96&d=mm&r=g","caption":"Admin"},"sameAs":["http:\/\/grow24.us"],"url":"https:\/\/grow24.us\/?author=1"}]}},"_links":{"self":[{"href":"https:\/\/grow24.us\/index.php?rest_route=\/wp\/v2\/posts\/37194","targetHints":{"allow":["GET"]}}],"collection":[{"href":"https:\/\/grow24.us\/index.php?rest_route=\/wp\/v2\/posts"}],"about":[{"href":"https:\/\/grow24.us\/index.php?rest_route=\/wp\/v2\/types\/post"}],"author":[{"embeddable":true,"href":"https:\/\/grow24.us\/index.php?rest_route=\/wp\/v2\/users\/1"}],"replies":[{"embeddable":true,"href":"https:\/\/grow24.us\/index.php?rest_route=%2Fwp%2Fv2%2Fcomments&post=37194"}],"version-history":[{"count":1,"href":"https:\/\/grow24.us\/index.php?rest_route=\/wp\/v2\/posts\/37194\/revisions"}],"predecessor-version":[{"id":37196,"href":"https:\/\/grow24.us\/index.php?rest_route=\/wp\/v2\/posts\/37194\/revisions\/37196"}],"wp:featuredmedia":[{"embeddable":true,"href":"https:\/\/grow24.us\/index.php?rest_route=\/wp\/v2\/media\/37195"}],"wp:attachment":[{"href":"https:\/\/grow24.us\/index.php?rest_route=%2Fwp%2Fv2%2Fmedia&parent=37194"}],"wp:term":[{"taxonomy":"category","embeddable":true,"href":"https:\/\/grow24.us\/index.php?rest_route=%2Fwp%2Fv2%2Fcategories&post=37194"},{"taxonomy":"post_tag","embeddable":true,"href":"https:\/\/grow24.us\/index.php?rest_route=%2Fwp%2Fv2%2Ftags&post=37194"}],"curies":[{"name":"wp","href":"https:\/\/api.w.org\/{rel}","templated":true}]}}