{"id":37187,"date":"2026-09-01T09:09:20","date_gmt":"2026-09-01T09:09:20","guid":{"rendered":"https:\/\/grow24.us\/?p=37187"},"modified":"2026-09-01T09:09:20","modified_gmt":"2026-09-01T09:09:20","slug":"ne-po-flasim-per-shtetin-ata-per-pushtetin-pdk-dhe-aleanca-akuzojne-kurtin-per-bllokim-te-institucioneve","status":"publish","type":"post","link":"https:\/\/grow24.us\/?p=37187","title":{"rendered":"Ne po flasim p\u00ebr shtetin, ata p\u00ebr pushtetin\u201d \u2013 PDK dhe Aleanca akuzojn\u00eb Kurtin p\u00ebr bllokim t\u00eb institucioneve"},"content":{"rendered":"<div id=\"tdi_52\" class=\"tdc-row\">\n<div class=\"vc_row tdi_53  wpb_row td-pb-row\">\n<div class=\"vc_column tdi_55  wpb_column vc_column_container tdc-column td-pb-span12\">\n<div class=\"wpb_wrapper\">\n<div class=\"td_block_wrap tdb_title tdi_65 tdb-single-title td-pb-border-top td_block_template_1\" data-td-block-uid=\"tdi_65\">\n<div class=\"tdb-block-inner td-fix-index\">\n<h1 class=\"tdb-title-text\">\u201cNe po flasim p\u00ebr shtetin, ata p\u00ebr pushtetin\u201d \u2013 PDK dhe Aleanca akuzojn\u00eb Kurtin p\u00ebr bllokim t\u00eb institucioneve<\/h1>\n<\/div>\n<\/div>\n<\/div>\n<\/div>\n<\/div>\n<\/div>\n<div id=\"tdi_90\" class=\"tdc-row\">\n<div class=\"vc_row tdi_91  wpb_row td-pb-row\">\n<div class=\"vc_column tdi_93  wpb_column vc_column_container tdc-column td-pb-span8\">\n<div class=\"wpb_wrapper\">\n<div class=\"clearfix\"><\/div>\n<div class=\"td_block_wrap tdb_single_featured_image tdi_94 tdb-content-horiz-left td-pb-border-top td_block_template_1\" data-td-block-uid=\"tdi_94\">\n<div class=\"tdb-block-inner td-fix-index\"><a class=\"td-modal-image\" href=\"https:\/\/korrespodenti.com\/wp-content\/uploads\/2026\/08\/Screenshot_20260830_124049_Facebook.jpg\" data-caption=\"\"><img loading=\"lazy\" decoding=\"async\" class=\"entry-thumb entered lazyloaded\" title=\"Screenshot_20260830_124049_Facebook\" src=\"https:\/\/korrespodenti.com\/wp-content\/uploads\/2026\/08\/Screenshot_20260830_124049_Facebook.jpg\" sizes=\"auto, (max-width: 989px) 100vw, 989px\" srcset=\"https:\/\/korrespodenti.com\/wp-content\/uploads\/2026\/08\/Screenshot_20260830_124049_Facebook.jpg 989w, https:\/\/korrespodenti.com\/wp-content\/uploads\/2026\/08\/Screenshot_20260830_124049_Facebook-300x169.jpg 300w, https:\/\/korrespodenti.com\/wp-content\/uploads\/2026\/08\/Screenshot_20260830_124049_Facebook-768x433.jpg 768w, https:\/\/korrespodenti.com\/wp-content\/uploads\/2026\/08\/Screenshot_20260830_124049_Facebook-150x85.jpg 150w, https:\/\/korrespodenti.com\/wp-content\/uploads\/2026\/08\/Screenshot_20260830_124049_Facebook-696x393.jpg 696w\" alt=\"\" width=\"989\" height=\"558\" data-lazy-srcset=\"https:\/\/korrespodenti.com\/wp-content\/uploads\/2026\/08\/Screenshot_20260830_124049_Facebook.jpg 989w, https:\/\/korrespodenti.com\/wp-content\/uploads\/2026\/08\/Screenshot_20260830_124049_Facebook-300x169.jpg 300w, https:\/\/korrespodenti.com\/wp-content\/uploads\/2026\/08\/Screenshot_20260830_124049_Facebook-768x433.jpg 768w, https:\/\/korrespodenti.com\/wp-content\/uploads\/2026\/08\/Screenshot_20260830_124049_Facebook-150x85.jpg 150w, https:\/\/korrespodenti.com\/wp-content\/uploads\/2026\/08\/Screenshot_20260830_124049_Facebook-696x393.jpg 696w\" data-lazy-sizes=\"(max-width: 989px) 100vw, 989px\" data-lazy-src=\"https:\/\/korrespodenti.com\/wp-content\/uploads\/2026\/08\/Screenshot_20260830_124049_Facebook.jpg\" data-ll-status=\"loaded\" \/><\/a><\/div>\n<\/div>\n<div class=\"td_block_wrap tdb_single_content tdi_97 td-pb-border-top td_block_template_1 td-post-content tagdiv-type\" data-td-block-uid=\"tdi_97\">\n<div class=\"tdb-block-inner td-fix-index\">\n<p>Deputeti i zgjedhur i PDK-s\u00eb, Arian Tahiri, dhe deputeti i Aleanc\u00ebs, Burim Ramadani, kan\u00eb kritikuar kryeministrin n\u00eb detyr\u00eb, Albin Kurti, duke e akuzuar p\u00ebr bllokim t\u00eb institucioneve dhe t\u00eb funksionalizimit t\u00eb shtetit.<\/p>\n<p>Deklaratat jan\u00eb b\u00ebr\u00eb n\u00eb Kuvend, ku deputet\u00eb t\u00eb PDK-s\u00eb dhe Aleanc\u00ebs jan\u00eb mbledhur p\u00ebr t\u00eb k\u00ebrkuar vazhdimin e seanc\u00ebs konstituive.<\/p>\n<p>Tahiri ka th\u00ebn\u00eb se, pavar\u00ebsisht mb\u00ebshtetjes s\u00eb marr\u00eb n\u00eb zgjedhje, Kurti, sipas tij, po ndjek nj\u00eb qasje politike q\u00eb po e pengon funksionalizimin e institucioneve.<\/p>\n<p>\u201cPo e shohim dhe besoj shum\u00eb q\u00eb jan\u00eb vet\u00ebdij\u00ebsuar qytetar\u00ebt e Republik\u00ebs s\u00eb Kosov\u00ebs e m\u00eb s\u00eb shumti votuesit e Albin Kurtit dhe Vet\u00ebvendosjes q\u00eb Albin Kurtit nuk po i mjafton pushteti 100%. Ai e do p\u00ebrmbysjen e shtetit\u201d, ka deklaruar Tahiri.<\/p>\n<p>Ai ka kritikuar edhe takimet nd\u00ebrmjet Kurtit dhe kryetarit t\u00eb LDK-s\u00eb, Lumir Abdixhiku, duke k\u00ebrkuar q\u00eb t\u00eb arrihet nj\u00eb marr\u00ebveshje politike dhe t\u00eb vazhdoj\u00eb funksionalizimi i Kuvendit.<\/p>\n<div class=\"ai-viewport-1\" data-insertion-position=\"prepend\" data-selector=\".ai-insert-5-58019202\" data-insertion-no-dbg=\"\" data-code=\"PGRpdiBjbGFzcz0nY29kZS1ibG9jayBjb2RlLWJsb2NrLTUnIHN0eWxlPSdtYXJnaW46IDhweCAwOyBjbGVhcjogYm90aDsnPgo8ZGl2IGlkPSJnal81Ij4KICAgIDxzY3JpcHQgdHlwZT0idGV4dC9qYXZhc2NyaXB0Ij4KICAgICAgICB3aW5kb3cuQU5Db25maWcgPSB3aW5kb3cuQU5Db25maWcgfHwge307CiAgICAgICAgd2luZG93LkFOQ29uZmlnLnBsYWNlbWVudHMgPSB3aW5kb3cuQU5Db25maWcucGxhY2VtZW50cyB8fCBbXTsKCiAgICAgICAgd2luZG93LkFOQ29uZmlnLnBsYWNlbWVudHMucHVzaCh7CiAgICAgICAgICAgIGFkVW5pdElkOiAnZ2pfNScsCiAgICAgICAgICAgIHByb3BlcnR5SWQ6ICcxMDUyNjcnLAogICAgICAgICAgICBwbGFjZW1lbnRJZDogJzg0NjA2NScsCiAgICAgICAgICAgIGRhdGE6IHsKICAgICAgICAgICAgfSwKICAgICAgICAgICAgb25Mb2FkOiBmdW5jdGlvbiAoYWRVbml0SWQpIHsKICAgICAgICAgICAgICAgIGNvbnNvbGUubG9nKCcxJywgYWRVbml0SWQpOwogICAgICAgICAgICB9LAogICAgICAgICAgICBvbkZhaWw6IGZ1bmN0aW9uIChhZFVuaXRJZCkgewogICAgICAgICAgICAgICAgY29uc29sZS5sb2coJzAnLCBhZFVuaXRJZCk7CiAgICAgICAgICAgICAgICAvL2ZhbGxiYWNrIGNvZGUKICAgICAgICAgICAgfSwKICAgICAgICB9KTsKCiAgICAgICAgKGZ1bmN0aW9uICgpIHsKICAgICAgICAgICAgaWYgKCFkb2N1bWVudC5nZXRFbGVtZW50QnlJZCgnYXAtanMnKSkgewogICAgICAgICAgICAgICAgdmFyIHZlciA9IG5ldyBEYXRlKCkudG9JU09TdHJpbmcoKS5zcGxpdCgnOicpWzBdLnJlcGxhY2UoL1xEL2csJycpOwogICAgICAgICAgICAgICAgdmFyIGFwanMgPSBkb2N1bWVudC5jcmVhdGVFbGVtZW50KCJzY3JpcHQiKTsKICAgICAgICAgICAgICAgIGFwanMudHlwZSA9ICJ0ZXh0L2phdmFzY3JpcHQiOwogICAgICAgICAgICAgICAgYXBqcy5hc3luYyA9IHRydWU7CiAgICAgICAgICAgICAgICBhcGpzLnNldEF0dHJpYnV0ZSgnaWQnLCAnYXAtanMnKTsKICAgICAgICAgICAgICAgIGFwanMuc3JjID0gImh0dHBzOi8vY2VudHJhbC5namlyYWZhLmNvbS9qcy9hcC1namFub3V0LmpzP3Y9IiArIHZlcjsKICAgICAgICAgICAgICAgIGRvY3VtZW50LmhlYWQuYXBwZW5kKGFwanMpOwogICAgICAgICAgICB9CiAgICAgICAgfSkoKTsKICAgICA8L3NjcmlwdD4KPC9kaXY+PC9kaXY+Cg==\" data-block=\"5\">\n<div class=\"code-block code-block-5\">\n<div id=\"gj_5\"><\/div>\n<\/div>\n<\/div>\n<p>\u201cPse nuk po e mb\u00ebrrin marr\u00ebveshjen politike? Pse nuk po e gjejn\u00eb kandidatin e p\u00ebrbashk\u00ebt? Pse nuk po vjen Kuvendi me funksionalizu Kuvendin, se presidenti q\u00eb ka me u zgjedh ka me u zgjedh prej k\u00ebtij Kuvendi\u201d, ka th\u00ebn\u00eb Tahiri.<\/p>\n<p>Sipas tij, bllokada institucionale po cenon rendin kushtetues dhe po krijon pasiguri p\u00ebr qytetar\u00ebt.<\/p>\n<p>\u201cNa n\u00eb vazhdim\u00ebsi jemi k\u00ebtu, bashk\u00eb me koleg\u00ebt e Partis\u00eb Demokratike t\u00eb Kosov\u00ebs dhe t\u00eb Aleanc\u00ebs\u2026 kur \u00ebsht\u00eb n\u00eb pyetje shteti i Kosov\u00ebs nuk n\u00ebnshtrohemi, nuk dor\u00ebzohemi\u201d, ka deklaruar Tahiri.<\/p>\n<p>Nd\u00ebrkoh\u00eb, Burim Ramadani ka th\u00ebn\u00eb se situata aktuale nuk duhet t\u00eb shihet si betej\u00eb partiake, por si \u00e7\u00ebshtje q\u00eb lidhet me funksionimin e shtetit.<\/p>\n<p>\u201cNe po flasim p\u00ebr shtetin. Ata p\u00ebr pushtetin. Ne po flasim p\u00ebr jet\u00ebn e qytetar\u00ebve. Ata ve\u00e7 p\u00ebr poste\u201d, ka th\u00ebn\u00eb Ramadani.<\/p>\n<p>Ai ka kritikuar deputet\u00ebt e Vet\u00ebvendosjes p\u00ebr, si\u00e7 pretendon ai, munges\u00ebn n\u00eb Kuvend, duke th\u00ebn\u00eb se nj\u00eb pjes\u00eb e tyre jan\u00eb jasht\u00eb vendit, nd\u00ebrsa t\u00eb tjer\u00eb jan\u00eb t\u00eb angazhuar n\u00eb biznes apo n\u00eb pozita qeveritare.<\/p>\n<p>Ramadani ka th\u00ebn\u00eb se qytetar\u00ebt po p\u00ebrballen me pasiguri dhe se kjo gjendje nuk mund t\u00eb zgjidhet p\u00ebrmes bllokadave institucionale.<\/p>\n<p>\u201cQytetari pyet: A po punon shteti?\u201d, \u00ebsht\u00eb shprehur ai.<\/p>\n<p>Ramadani ka kritikuar edhe m\u00ebnyr\u00ebn se si po zhvillohen takimet politike p\u00ebr tejkalimin e ng\u00ebr\u00e7it, duke pretenduar se diskutimet po p\u00ebrqendrohen kryesisht n\u00eb ndarjen e posteve.<\/p>\n<p>\u201cKush-\u00e7far\u00eb posti po merr! Kush-kujt po i propozon nj\u00eb em\u00ebr p\u00ebr nj\u00eb post\u201d, ka deklaruar ai.<\/p>\n<p>N\u00eb an\u00ebn tjet\u00ebr, Tahiri ka th\u00ebn\u00eb se qytetar\u00ebt presin rezultate konkrete nga institucionet dhe m\u00eb shum\u00eb drejt\u00ebsi e barazi, ve\u00e7an\u00ebrisht p\u00ebr t\u00eb rinjt\u00eb.<\/p>\n<p>\u201cQytetar\u00ebt e Kosov\u00ebs presin pun\u00eb, presin projekte konkrete dhe presin rezultate t\u00eb cilat jan\u00eb n\u00eb dobi t\u00eb tyre\u201d, ka th\u00ebn\u00eb Tahiri.<\/p>\n<p>T\u00eb dy p\u00ebrfaq\u00ebsuesit kan\u00eb b\u00ebr\u00eb thirrje p\u00ebr funksionalizimin e institucioneve, nd\u00ebrsa kan\u00eb paralajm\u00ebruar vazhdimin e kund\u00ebrshtimit politik ndaj, si\u00e7 e cil\u00ebsojn\u00eb ata, bllokimit institucional.<\/p>\n<\/div>\n<\/div>\n<\/div>\n<\/div>\n<\/div>\n<\/div>\n","protected":false},"excerpt":{"rendered":"<p>\u201cNe po flasim p\u00ebr shtetin, ata p\u00ebr pushtetin\u201d \u2013 PDK dhe Aleanca akuzojn\u00eb Kurtin p\u00ebr bllokim t\u00eb institucioneve Deputeti i zgjedhur i PDK-s\u00eb, Arian Tahiri, dhe deputeti&#8230; <\/p>\n","protected":false},"author":1,"featured_media":37188,"comment_status":"closed","ping_status":"closed","sticky":false,"template":"","format":"standard","meta":{"footnotes":""},"categories":[1],"tags":[],"class_list":["post-37187","post","type-post","status-publish","format-standard","has-post-thumbnail","hentry","category-news"],"yoast_head":"<!-- This site is optimized with the Yoast SEO plugin v28.1 - https:\/\/yoast.com\/product\/yoast-seo-wordpress\/ -->\n<title>Ne po flasim p\u00ebr shtetin, ata p\u00ebr pushtetin\u201d \u2013 PDK dhe Aleanca akuzojn\u00eb Kurtin p\u00ebr bllokim t\u00eb institucioneve - FRESH<\/title>\n<meta name=\"robots\" content=\"index, follow, max-snippet:-1, max-image-preview:large, max-video-preview:-1\" \/>\n<link rel=\"canonical\" href=\"https:\/\/grow24.us\/?p=37187\" \/>\n<meta property=\"og:locale\" content=\"en_US\" \/>\n<meta property=\"og:type\" content=\"article\" \/>\n<meta property=\"og:title\" content=\"Ne po flasim p\u00ebr shtetin, ata p\u00ebr pushtetin\u201d \u2013 PDK dhe Aleanca akuzojn\u00eb Kurtin p\u00ebr bllokim t\u00eb institucioneve - FRESH\" \/>\n<meta property=\"og:description\" content=\"\u201cNe po flasim p\u00ebr shtetin, ata p\u00ebr pushtetin\u201d \u2013 PDK dhe Aleanca akuzojn\u00eb Kurtin p\u00ebr bllokim t\u00eb institucioneve Deputeti i zgjedhur i PDK-s\u00eb, Arian Tahiri, dhe deputeti...\" \/>\n<meta property=\"og:url\" content=\"https:\/\/grow24.us\/?p=37187\" \/>\n<meta property=\"og:site_name\" content=\"FRESH\" \/>\n<meta property=\"article:published_time\" content=\"2026-09-01T09:09:20+00:00\" \/>\n<meta property=\"og:image\" content=\"https:\/\/grow24.us\/wp-content\/uploads\/2026\/09\/00.png\" \/>\n\t<meta property=\"og:image:width\" content=\"732\" \/>\n\t<meta property=\"og:image:height\" content=\"852\" \/>\n\t<meta property=\"og:image:type\" content=\"image\/png\" \/>\n<meta name=\"author\" content=\"Admin\" \/>\n<meta name=\"twitter:card\" content=\"summary_large_image\" \/>\n<meta name=\"twitter:label1\" content=\"Written by\" \/>\n\t<meta name=\"twitter:data1\" content=\"Admin\" \/>\n\t<meta name=\"twitter:label2\" content=\"Est. reading time\" \/>\n\t<meta name=\"twitter:data2\" content=\"3 minutes\" \/>\n<script type=\"application\/ld+json\" class=\"yoast-schema-graph\">{\"@context\":\"https:\\\/\\\/schema.org\",\"@graph\":[{\"@type\":\"Article\",\"@id\":\"https:\\\/\\\/grow24.us\\\/?p=37187#article\",\"isPartOf\":{\"@id\":\"https:\\\/\\\/grow24.us\\\/?p=37187\"},\"author\":{\"name\":\"Admin\",\"@id\":\"https:\\\/\\\/grow24.us\\\/#\\\/schema\\\/person\\\/04517c00d12fed4d6429f34df94a5345\"},\"headline\":\"Ne po flasim p\u00ebr shtetin, ata p\u00ebr pushtetin\u201d \u2013 PDK dhe Aleanca akuzojn\u00eb Kurtin p\u00ebr bllokim t\u00eb institucioneve\",\"datePublished\":\"2026-09-01T09:09:20+00:00\",\"mainEntityOfPage\":{\"@id\":\"https:\\\/\\\/grow24.us\\\/?p=37187\"},\"wordCount\":572,\"image\":{\"@id\":\"https:\\\/\\\/grow24.us\\\/?p=37187#primaryimage\"},\"thumbnailUrl\":\"https:\\\/\\\/grow24.us\\\/wp-content\\\/uploads\\\/2026\\\/09\\\/00.png\",\"articleSection\":[\"News\"],\"inLanguage\":\"en-US\"},{\"@type\":\"WebPage\",\"@id\":\"https:\\\/\\\/grow24.us\\\/?p=37187\",\"url\":\"https:\\\/\\\/grow24.us\\\/?p=37187\",\"name\":\"Ne po flasim p\u00ebr shtetin, ata p\u00ebr pushtetin\u201d \u2013 PDK dhe Aleanca akuzojn\u00eb Kurtin p\u00ebr bllokim t\u00eb institucioneve - FRESH\",\"isPartOf\":{\"@id\":\"https:\\\/\\\/grow24.us\\\/#website\"},\"primaryImageOfPage\":{\"@id\":\"https:\\\/\\\/grow24.us\\\/?p=37187#primaryimage\"},\"image\":{\"@id\":\"https:\\\/\\\/grow24.us\\\/?p=37187#primaryimage\"},\"thumbnailUrl\":\"https:\\\/\\\/grow24.us\\\/wp-content\\\/uploads\\\/2026\\\/09\\\/00.png\",\"datePublished\":\"2026-09-01T09:09:20+00:00\",\"author\":{\"@id\":\"https:\\\/\\\/grow24.us\\\/#\\\/schema\\\/person\\\/04517c00d12fed4d6429f34df94a5345\"},\"breadcrumb\":{\"@id\":\"https:\\\/\\\/grow24.us\\\/?p=37187#breadcrumb\"},\"inLanguage\":\"en-US\",\"potentialAction\":[{\"@type\":\"ReadAction\",\"target\":[\"https:\\\/\\\/grow24.us\\\/?p=37187\"]}]},{\"@type\":\"ImageObject\",\"inLanguage\":\"en-US\",\"@id\":\"https:\\\/\\\/grow24.us\\\/?p=37187#primaryimage\",\"url\":\"https:\\\/\\\/grow24.us\\\/wp-content\\\/uploads\\\/2026\\\/09\\\/00.png\",\"contentUrl\":\"https:\\\/\\\/grow24.us\\\/wp-content\\\/uploads\\\/2026\\\/09\\\/00.png\",\"width\":732,\"height\":852},{\"@type\":\"BreadcrumbList\",\"@id\":\"https:\\\/\\\/grow24.us\\\/?p=37187#breadcrumb\",\"itemListElement\":[{\"@type\":\"ListItem\",\"position\":1,\"name\":\"Home\",\"item\":\"https:\\\/\\\/grow24.us\\\/\"},{\"@type\":\"ListItem\",\"position\":2,\"name\":\"Ne po flasim p\u00ebr shtetin, ata p\u00ebr pushtetin\u201d \u2013 PDK dhe Aleanca akuzojn\u00eb Kurtin p\u00ebr bllokim t\u00eb institucioneve\"}]},{\"@type\":\"WebSite\",\"@id\":\"https:\\\/\\\/grow24.us\\\/#website\",\"url\":\"https:\\\/\\\/grow24.us\\\/\",\"name\":\"FRESH\",\"description\":\"\",\"potentialAction\":[{\"@type\":\"SearchAction\",\"target\":{\"@type\":\"EntryPoint\",\"urlTemplate\":\"https:\\\/\\\/grow24.us\\\/?s={search_term_string}\"},\"query-input\":{\"@type\":\"PropertyValueSpecification\",\"valueRequired\":true,\"valueName\":\"search_term_string\"}}],\"inLanguage\":\"en-US\"},{\"@type\":\"Person\",\"@id\":\"https:\\\/\\\/grow24.us\\\/#\\\/schema\\\/person\\\/04517c00d12fed4d6429f34df94a5345\",\"name\":\"Admin\",\"image\":{\"@type\":\"ImageObject\",\"inLanguage\":\"en-US\",\"@id\":\"https:\\\/\\\/secure.gravatar.com\\\/avatar\\\/a7123a349c15f1436c0b6ef0cb0678b16dcae27681f998bb30c9de74e4d77c2b?s=96&d=mm&r=g\",\"url\":\"https:\\\/\\\/secure.gravatar.com\\\/avatar\\\/a7123a349c15f1436c0b6ef0cb0678b16dcae27681f998bb30c9de74e4d77c2b?s=96&d=mm&r=g\",\"contentUrl\":\"https:\\\/\\\/secure.gravatar.com\\\/avatar\\\/a7123a349c15f1436c0b6ef0cb0678b16dcae27681f998bb30c9de74e4d77c2b?s=96&d=mm&r=g\",\"caption\":\"Admin\"},\"sameAs\":[\"http:\\\/\\\/grow24.us\"],\"url\":\"https:\\\/\\\/grow24.us\\\/?author=1\"}]}<\/script>\n<!-- \/ Yoast SEO plugin. -->","yoast_head_json":{"title":"Ne po flasim p\u00ebr shtetin, ata p\u00ebr pushtetin\u201d \u2013 PDK dhe Aleanca akuzojn\u00eb Kurtin p\u00ebr bllokim t\u00eb institucioneve - FRESH","robots":{"index":"index","follow":"follow","max-snippet":"max-snippet:-1","max-image-preview":"max-image-preview:large","max-video-preview":"max-video-preview:-1"},"canonical":"https:\/\/grow24.us\/?p=37187","og_locale":"en_US","og_type":"article","og_title":"Ne po flasim p\u00ebr shtetin, ata p\u00ebr pushtetin\u201d \u2013 PDK dhe Aleanca akuzojn\u00eb Kurtin p\u00ebr bllokim t\u00eb institucioneve - FRESH","og_description":"\u201cNe po flasim p\u00ebr shtetin, ata p\u00ebr pushtetin\u201d \u2013 PDK dhe Aleanca akuzojn\u00eb Kurtin p\u00ebr bllokim t\u00eb institucioneve Deputeti i zgjedhur i PDK-s\u00eb, Arian Tahiri, dhe deputeti...","og_url":"https:\/\/grow24.us\/?p=37187","og_site_name":"FRESH","article_published_time":"2026-09-01T09:09:20+00:00","og_image":[{"width":732,"height":852,"url":"https:\/\/grow24.us\/wp-content\/uploads\/2026\/09\/00.png","type":"image\/png"}],"author":"Admin","twitter_card":"summary_large_image","twitter_misc":{"Written by":"Admin","Est. reading time":"3 minutes"},"schema":{"@context":"https:\/\/schema.org","@graph":[{"@type":"Article","@id":"https:\/\/grow24.us\/?p=37187#article","isPartOf":{"@id":"https:\/\/grow24.us\/?p=37187"},"author":{"name":"Admin","@id":"https:\/\/grow24.us\/#\/schema\/person\/04517c00d12fed4d6429f34df94a5345"},"headline":"Ne po flasim p\u00ebr shtetin, ata p\u00ebr pushtetin\u201d \u2013 PDK dhe Aleanca akuzojn\u00eb Kurtin p\u00ebr bllokim t\u00eb institucioneve","datePublished":"2026-09-01T09:09:20+00:00","mainEntityOfPage":{"@id":"https:\/\/grow24.us\/?p=37187"},"wordCount":572,"image":{"@id":"https:\/\/grow24.us\/?p=37187#primaryimage"},"thumbnailUrl":"https:\/\/grow24.us\/wp-content\/uploads\/2026\/09\/00.png","articleSection":["News"],"inLanguage":"en-US"},{"@type":"WebPage","@id":"https:\/\/grow24.us\/?p=37187","url":"https:\/\/grow24.us\/?p=37187","name":"Ne po flasim p\u00ebr shtetin, ata p\u00ebr pushtetin\u201d \u2013 PDK dhe Aleanca akuzojn\u00eb Kurtin p\u00ebr bllokim t\u00eb institucioneve - FRESH","isPartOf":{"@id":"https:\/\/grow24.us\/#website"},"primaryImageOfPage":{"@id":"https:\/\/grow24.us\/?p=37187#primaryimage"},"image":{"@id":"https:\/\/grow24.us\/?p=37187#primaryimage"},"thumbnailUrl":"https:\/\/grow24.us\/wp-content\/uploads\/2026\/09\/00.png","datePublished":"2026-09-01T09:09:20+00:00","author":{"@id":"https:\/\/grow24.us\/#\/schema\/person\/04517c00d12fed4d6429f34df94a5345"},"breadcrumb":{"@id":"https:\/\/grow24.us\/?p=37187#breadcrumb"},"inLanguage":"en-US","potentialAction":[{"@type":"ReadAction","target":["https:\/\/grow24.us\/?p=37187"]}]},{"@type":"ImageObject","inLanguage":"en-US","@id":"https:\/\/grow24.us\/?p=37187#primaryimage","url":"https:\/\/grow24.us\/wp-content\/uploads\/2026\/09\/00.png","contentUrl":"https:\/\/grow24.us\/wp-content\/uploads\/2026\/09\/00.png","width":732,"height":852},{"@type":"BreadcrumbList","@id":"https:\/\/grow24.us\/?p=37187#breadcrumb","itemListElement":[{"@type":"ListItem","position":1,"name":"Home","item":"https:\/\/grow24.us\/"},{"@type":"ListItem","position":2,"name":"Ne po flasim p\u00ebr shtetin, ata p\u00ebr pushtetin\u201d \u2013 PDK dhe Aleanca akuzojn\u00eb Kurtin p\u00ebr bllokim t\u00eb institucioneve"}]},{"@type":"WebSite","@id":"https:\/\/grow24.us\/#website","url":"https:\/\/grow24.us\/","name":"FRESH","description":"","potentialAction":[{"@type":"SearchAction","target":{"@type":"EntryPoint","urlTemplate":"https:\/\/grow24.us\/?s={search_term_string}"},"query-input":{"@type":"PropertyValueSpecification","valueRequired":true,"valueName":"search_term_string"}}],"inLanguage":"en-US"},{"@type":"Person","@id":"https:\/\/grow24.us\/#\/schema\/person\/04517c00d12fed4d6429f34df94a5345","name":"Admin","image":{"@type":"ImageObject","inLanguage":"en-US","@id":"https:\/\/secure.gravatar.com\/avatar\/a7123a349c15f1436c0b6ef0cb0678b16dcae27681f998bb30c9de74e4d77c2b?s=96&d=mm&r=g","url":"https:\/\/secure.gravatar.com\/avatar\/a7123a349c15f1436c0b6ef0cb0678b16dcae27681f998bb30c9de74e4d77c2b?s=96&d=mm&r=g","contentUrl":"https:\/\/secure.gravatar.com\/avatar\/a7123a349c15f1436c0b6ef0cb0678b16dcae27681f998bb30c9de74e4d77c2b?s=96&d=mm&r=g","caption":"Admin"},"sameAs":["http:\/\/grow24.us"],"url":"https:\/\/grow24.us\/?author=1"}]}},"_links":{"self":[{"href":"https:\/\/grow24.us\/index.php?rest_route=\/wp\/v2\/posts\/37187","targetHints":{"allow":["GET"]}}],"collection":[{"href":"https:\/\/grow24.us\/index.php?rest_route=\/wp\/v2\/posts"}],"about":[{"href":"https:\/\/grow24.us\/index.php?rest_route=\/wp\/v2\/types\/post"}],"author":[{"embeddable":true,"href":"https:\/\/grow24.us\/index.php?rest_route=\/wp\/v2\/users\/1"}],"replies":[{"embeddable":true,"href":"https:\/\/grow24.us\/index.php?rest_route=%2Fwp%2Fv2%2Fcomments&post=37187"}],"version-history":[{"count":1,"href":"https:\/\/grow24.us\/index.php?rest_route=\/wp\/v2\/posts\/37187\/revisions"}],"predecessor-version":[{"id":37189,"href":"https:\/\/grow24.us\/index.php?rest_route=\/wp\/v2\/posts\/37187\/revisions\/37189"}],"wp:featuredmedia":[{"embeddable":true,"href":"https:\/\/grow24.us\/index.php?rest_route=\/wp\/v2\/media\/37188"}],"wp:attachment":[{"href":"https:\/\/grow24.us\/index.php?rest_route=%2Fwp%2Fv2%2Fmedia&parent=37187"}],"wp:term":[{"taxonomy":"category","embeddable":true,"href":"https:\/\/grow24.us\/index.php?rest_route=%2Fwp%2Fv2%2Fcategories&post=37187"},{"taxonomy":"post_tag","embeddable":true,"href":"https:\/\/grow24.us\/index.php?rest_route=%2Fwp%2Fv2%2Ftags&post=37187"}],"curies":[{"name":"wp","href":"https:\/\/api.w.org\/{rel}","templated":true}]}}