{"id":37184,"date":"2026-09-01T09:04:21","date_gmt":"2026-09-01T09:04:21","guid":{"rendered":"https:\/\/grow24.us\/?p=37184"},"modified":"2026-09-01T09:04:21","modified_gmt":"2026-09-01T09:04:21","slug":"kantoni-i-zurichut-vendos-te-ndaloje-shamite-ne-shkolla","status":"publish","type":"post","link":"https:\/\/grow24.us\/?p=37184","title":{"rendered":"Kantoni i Z\u00fcrichut vendos t\u00eb ndaloj\u00eb shamit\u00eb n\u00eb shkolla"},"content":{"rendered":"<div id=\"tdi_52\" class=\"tdc-row\">\n<div class=\"vc_row tdi_53  wpb_row td-pb-row\">\n<div class=\"vc_column tdi_55  wpb_column vc_column_container tdc-column td-pb-span12\">\n<div class=\"wpb_wrapper\">\n<div class=\"td_block_wrap tdb_title tdi_65 tdb-single-title td-pb-border-top td_block_template_1\" data-td-block-uid=\"tdi_65\">\n<div class=\"tdb-block-inner td-fix-index\">\n<h1 class=\"tdb-title-text\">Kantoni i Z\u00fcrichut vendos t\u00eb ndaloj\u00eb shamit\u00eb n\u00eb shkolla<\/h1>\n<\/div>\n<\/div>\n<\/div>\n<\/div>\n<\/div>\n<\/div>\n<div id=\"tdi_90\" class=\"tdc-row\">\n<div class=\"vc_row tdi_91  wpb_row td-pb-row\">\n<div class=\"vc_column tdi_93  wpb_column vc_column_container tdc-column td-pb-span8\">\n<div class=\"wpb_wrapper\">\n<div class=\"clearfix\"><\/div>\n<div class=\"td_block_wrap tdb_single_featured_image tdi_94 tdb-content-horiz-left td-pb-border-top td_block_template_1\" data-td-block-uid=\"tdi_94\">\n<div class=\"tdb-block-inner td-fix-index\"><a class=\"td-modal-image\" href=\"https:\/\/korrespodenti.com\/wp-content\/uploads\/2026\/09\/Screenshot_20260901_102420_Facebook.jpg\" data-caption=\"\"><img loading=\"lazy\" decoding=\"async\" class=\"entry-thumb entered lazyloaded\" title=\"Screenshot_20260901_102420_Facebook\" src=\"https:\/\/korrespodenti.com\/wp-content\/uploads\/2026\/09\/Screenshot_20260901_102420_Facebook.jpg\" sizes=\"auto, (max-width: 990px) 100vw, 990px\" srcset=\"https:\/\/korrespodenti.com\/wp-content\/uploads\/2026\/09\/Screenshot_20260901_102420_Facebook.jpg 990w, https:\/\/korrespodenti.com\/wp-content\/uploads\/2026\/09\/Screenshot_20260901_102420_Facebook-300x169.jpg 300w, https:\/\/korrespodenti.com\/wp-content\/uploads\/2026\/09\/Screenshot_20260901_102420_Facebook-768x432.jpg 768w, https:\/\/korrespodenti.com\/wp-content\/uploads\/2026\/09\/Screenshot_20260901_102420_Facebook-150x84.jpg 150w, https:\/\/korrespodenti.com\/wp-content\/uploads\/2026\/09\/Screenshot_20260901_102420_Facebook-696x392.jpg 696w\" alt=\"\" width=\"990\" height=\"557\" data-lazy-srcset=\"https:\/\/korrespodenti.com\/wp-content\/uploads\/2026\/09\/Screenshot_20260901_102420_Facebook.jpg 990w, https:\/\/korrespodenti.com\/wp-content\/uploads\/2026\/09\/Screenshot_20260901_102420_Facebook-300x169.jpg 300w, https:\/\/korrespodenti.com\/wp-content\/uploads\/2026\/09\/Screenshot_20260901_102420_Facebook-768x432.jpg 768w, https:\/\/korrespodenti.com\/wp-content\/uploads\/2026\/09\/Screenshot_20260901_102420_Facebook-150x84.jpg 150w, https:\/\/korrespodenti.com\/wp-content\/uploads\/2026\/09\/Screenshot_20260901_102420_Facebook-696x392.jpg 696w\" data-lazy-sizes=\"(max-width: 990px) 100vw, 990px\" data-lazy-src=\"https:\/\/korrespodenti.com\/wp-content\/uploads\/2026\/09\/Screenshot_20260901_102420_Facebook.jpg\" data-ll-status=\"loaded\" \/><\/a><\/div>\n<\/div>\n<div class=\"td_block_wrap tdb_single_content tdi_97 td-pb-border-top td_block_template_1 td-post-content tagdiv-type\" data-td-block-uid=\"tdi_97\">\n<div class=\"tdb-block-inner td-fix-index\">\n<p>Parlamenti Kantonal i Z\u00fcrichut ka votuar t\u00eb h\u00ebn\u00ebn p\u00ebr ndalimin e shamis\u00eb n\u00eb shkollat publike.<\/p>\n<p>Vendimi erdhi pas mb\u00ebshtetjes s\u00eb nj\u00eb nisme nga Partia Popullore e Zvicr\u00ebs (SVP), e cila k\u00ebrkoi ndalimin e plot\u00eb t\u00eb shamis\u00eb si p\u00ebr m\u00ebsueset, ashtu edhe p\u00ebr nx\u00ebn\u00ebset, transmeton Telegrafi.<\/p>\n<p>Sipas SVP-s\u00eb, shamia p\u00ebrfaq\u00ebson \u201cnj\u00eb simbol t\u00eb shtypjes dhe t\u00eb islamit politik\u201d, me argumentin se ajo nuk ka vend n\u00eb institucionet publike arsimore. Pro k\u00ebsaj nisme votuan edhe liberal\u00ebt (FDP) dhe parti t\u00eb tjera t\u00eb vogla.<\/p>\n<p>N\u00eb krahun tjet\u00ebr, kund\u00ebr u rreshtuan socialdemokrat\u00ebt, t\u00eb gjelbrit dhe parti t\u00eb qendr\u00ebs, t\u00eb cilat argumentuan se kjo mas\u00eb cenon lirin\u00eb e besimit fetar.<\/p>\n<p>Qeveria e kantonit t\u00eb Z\u00fcrichut kishte sinjalizuar mb\u00ebshtetjen e nism\u00ebs p\u00ebr k\u00ebt\u00eb hap p\u00ebrpara votimit n\u00eb parlament dhe tashm\u00eb ka n\u00eb dispozicion dy vjet koh\u00eb p\u00ebr t\u00eb p\u00ebrgatitur propozimin konkret p\u00ebr zbatimin e k\u00ebtij ligji.<\/p>\n<div class=\"ai-viewport-1\" data-insertion-position=\"prepend\" data-selector=\".ai-insert-5-80971106\" data-insertion-no-dbg=\"\" data-code=\"PGRpdiBjbGFzcz0nY29kZS1ibG9jayBjb2RlLWJsb2NrLTUnIHN0eWxlPSdtYXJnaW46IDhweCAwOyBjbGVhcjogYm90aDsnPgo8ZGl2IGlkPSJnal81Ij4KICAgIDxzY3JpcHQgdHlwZT0idGV4dC9qYXZhc2NyaXB0Ij4KICAgICAgICB3aW5kb3cuQU5Db25maWcgPSB3aW5kb3cuQU5Db25maWcgfHwge307CiAgICAgICAgd2luZG93LkFOQ29uZmlnLnBsYWNlbWVudHMgPSB3aW5kb3cuQU5Db25maWcucGxhY2VtZW50cyB8fCBbXTsKCiAgICAgICAgd2luZG93LkFOQ29uZmlnLnBsYWNlbWVudHMucHVzaCh7CiAgICAgICAgICAgIGFkVW5pdElkOiAnZ2pfNScsCiAgICAgICAgICAgIHByb3BlcnR5SWQ6ICcxMDUyNjcnLAogICAgICAgICAgICBwbGFjZW1lbnRJZDogJzg0NjA2NScsCiAgICAgICAgICAgIGRhdGE6IHsKICAgICAgICAgICAgfSwKICAgICAgICAgICAgb25Mb2FkOiBmdW5jdGlvbiAoYWRVbml0SWQpIHsKICAgICAgICAgICAgICAgIGNvbnNvbGUubG9nKCcxJywgYWRVbml0SWQpOwogICAgICAgICAgICB9LAogICAgICAgICAgICBvbkZhaWw6IGZ1bmN0aW9uIChhZFVuaXRJZCkgewogICAgICAgICAgICAgICAgY29uc29sZS5sb2coJzAnLCBhZFVuaXRJZCk7CiAgICAgICAgICAgICAgICAvL2ZhbGxiYWNrIGNvZGUKICAgICAgICAgICAgfSwKICAgICAgICB9KTsKCiAgICAgICAgKGZ1bmN0aW9uICgpIHsKICAgICAgICAgICAgaWYgKCFkb2N1bWVudC5nZXRFbGVtZW50QnlJZCgnYXAtanMnKSkgewogICAgICAgICAgICAgICAgdmFyIHZlciA9IG5ldyBEYXRlKCkudG9JU09TdHJpbmcoKS5zcGxpdCgnOicpWzBdLnJlcGxhY2UoL1xEL2csJycpOwogICAgICAgICAgICAgICAgdmFyIGFwanMgPSBkb2N1bWVudC5jcmVhdGVFbGVtZW50KCJzY3JpcHQiKTsKICAgICAgICAgICAgICAgIGFwanMudHlwZSA9ICJ0ZXh0L2phdmFzY3JpcHQiOwogICAgICAgICAgICAgICAgYXBqcy5hc3luYyA9IHRydWU7CiAgICAgICAgICAgICAgICBhcGpzLnNldEF0dHJpYnV0ZSgnaWQnLCAnYXAtanMnKTsKICAgICAgICAgICAgICAgIGFwanMuc3JjID0gImh0dHBzOi8vY2VudHJhbC5namlyYWZhLmNvbS9qcy9hcC1namFub3V0LmpzP3Y9IiArIHZlcjsKICAgICAgICAgICAgICAgIGRvY3VtZW50LmhlYWQuYXBwZW5kKGFwanMpOwogICAgICAgICAgICB9CiAgICAgICAgfSkoKTsKICAgICA8L3NjcmlwdD4KPC9kaXY+PC9kaXY+Cg==\" data-block=\"5\">\n<div class=\"code-block code-block-5\">\n<div id=\"gj_5\"><\/div>\n<\/div>\n<\/div>\n<p>Ndalimi i shamis\u00eb p\u00ebr m\u00ebsueset zbatohet edhe n\u00eb kantone t\u00eb tjera si Bern\u00eb apo Gjenev\u00eb, nd\u00ebrsa jav\u00ebn e kaluar edhe parlamenti i kantonit Aargau mori nj\u00eb vendim t\u00eb ngjash\u00ebm.<\/p>\n<p>Megjithat\u00eb, p\u00ebrfshirja e nx\u00ebn\u00ebseve n\u00eb k\u00ebt\u00eb ndalim mbetet pika m\u00eb e debatueshme nga ana ligjore. N\u00eb vitin 2015, Gjykata Supreme Federale pas nj\u00eb rasti t\u00eb iniciuar n\u00eb qytetin St. Margrethen (Zvicra lindore) kishte vendosur se interesi publik \u2013 si neutraliteti shtet\u00ebror apo barazia gjinore \u2013 nuk mjafton juridikisht p\u00ebr t\u2019u ndaluar nx\u00ebn\u00ebseve mbajtjen e shamis\u00eb n\u00eb m\u00ebsim.<\/p>\n<p>P\u00ebrve\u00e7 vendimit p\u00ebr simbolin fetar, parlamenti i Z\u00fcrichut miratoi t\u00eb h\u00ebn\u00ebn edhe nj\u00eb mas\u00eb tjet\u00ebr strikte p\u00ebr ambientet arsimore: ndalimin e plot\u00eb t\u00eb p\u00ebrdorimit t\u00eb celular\u00ebve privat\u00eb, tablet\u00ebve dhe kompjuter\u00ebve personal\u00eb n\u00eb t\u00eb gjitha shkollat publike t\u00eb kantonit.<\/p>\n<\/div>\n<\/div>\n<\/div>\n<\/div>\n<\/div>\n<\/div>\n","protected":false},"excerpt":{"rendered":"<p>Kantoni i Z\u00fcrichut vendos t\u00eb ndaloj\u00eb shamit\u00eb n\u00eb shkolla Parlamenti Kantonal i Z\u00fcrichut ka votuar t\u00eb h\u00ebn\u00ebn p\u00ebr ndalimin e shamis\u00eb n\u00eb shkollat publike. Vendimi erdhi pas&#8230; <\/p>\n","protected":false},"author":1,"featured_media":37185,"comment_status":"closed","ping_status":"closed","sticky":false,"template":"","format":"standard","meta":{"footnotes":""},"categories":[1],"tags":[],"class_list":["post-37184","post","type-post","status-publish","format-standard","has-post-thumbnail","hentry","category-news"],"yoast_head":"<!-- This site is optimized with the Yoast SEO plugin v28.1 - https:\/\/yoast.com\/product\/yoast-seo-wordpress\/ -->\n<title>Kantoni i Z\u00fcrichut vendos t\u00eb ndaloj\u00eb shamit\u00eb n\u00eb shkolla - FRESH<\/title>\n<meta name=\"robots\" content=\"index, follow, max-snippet:-1, max-image-preview:large, max-video-preview:-1\" \/>\n<link rel=\"canonical\" href=\"https:\/\/grow24.us\/?p=37184\" \/>\n<meta property=\"og:locale\" content=\"en_US\" \/>\n<meta property=\"og:type\" content=\"article\" \/>\n<meta property=\"og:title\" content=\"Kantoni i Z\u00fcrichut vendos t\u00eb ndaloj\u00eb shamit\u00eb n\u00eb shkolla - FRESH\" \/>\n<meta property=\"og:description\" content=\"Kantoni i Z\u00fcrichut vendos t\u00eb ndaloj\u00eb shamit\u00eb n\u00eb shkolla Parlamenti Kantonal i Z\u00fcrichut ka votuar t\u00eb h\u00ebn\u00ebn p\u00ebr ndalimin e shamis\u00eb n\u00eb shkollat publike. Vendimi erdhi pas...\" \/>\n<meta property=\"og:url\" content=\"https:\/\/grow24.us\/?p=37184\" \/>\n<meta property=\"og:site_name\" content=\"FRESH\" \/>\n<meta property=\"article:published_time\" content=\"2026-09-01T09:04:21+00:00\" \/>\n<meta property=\"og:image\" content=\"https:\/\/grow24.us\/wp-content\/uploads\/2026\/09\/aa3.png\" \/>\n\t<meta property=\"og:image:width\" content=\"730\" \/>\n\t<meta property=\"og:image:height\" content=\"847\" \/>\n\t<meta property=\"og:image:type\" content=\"image\/png\" \/>\n<meta name=\"author\" content=\"Admin\" \/>\n<meta name=\"twitter:card\" content=\"summary_large_image\" \/>\n<meta name=\"twitter:label1\" content=\"Written by\" \/>\n\t<meta name=\"twitter:data1\" content=\"Admin\" \/>\n\t<meta name=\"twitter:label2\" content=\"Est. reading time\" \/>\n\t<meta name=\"twitter:data2\" content=\"2 minutes\" \/>\n<script type=\"application\/ld+json\" class=\"yoast-schema-graph\">{\"@context\":\"https:\\\/\\\/schema.org\",\"@graph\":[{\"@type\":\"Article\",\"@id\":\"https:\\\/\\\/grow24.us\\\/?p=37184#article\",\"isPartOf\":{\"@id\":\"https:\\\/\\\/grow24.us\\\/?p=37184\"},\"author\":{\"name\":\"Admin\",\"@id\":\"https:\\\/\\\/grow24.us\\\/#\\\/schema\\\/person\\\/04517c00d12fed4d6429f34df94a5345\"},\"headline\":\"Kantoni i Z\u00fcrichut vendos t\u00eb ndaloj\u00eb shamit\u00eb n\u00eb shkolla\",\"datePublished\":\"2026-09-01T09:04:21+00:00\",\"mainEntityOfPage\":{\"@id\":\"https:\\\/\\\/grow24.us\\\/?p=37184\"},\"wordCount\":337,\"image\":{\"@id\":\"https:\\\/\\\/grow24.us\\\/?p=37184#primaryimage\"},\"thumbnailUrl\":\"https:\\\/\\\/grow24.us\\\/wp-content\\\/uploads\\\/2026\\\/09\\\/aa3.png\",\"articleSection\":[\"News\"],\"inLanguage\":\"en-US\"},{\"@type\":\"WebPage\",\"@id\":\"https:\\\/\\\/grow24.us\\\/?p=37184\",\"url\":\"https:\\\/\\\/grow24.us\\\/?p=37184\",\"name\":\"Kantoni i Z\u00fcrichut vendos t\u00eb ndaloj\u00eb shamit\u00eb n\u00eb shkolla - FRESH\",\"isPartOf\":{\"@id\":\"https:\\\/\\\/grow24.us\\\/#website\"},\"primaryImageOfPage\":{\"@id\":\"https:\\\/\\\/grow24.us\\\/?p=37184#primaryimage\"},\"image\":{\"@id\":\"https:\\\/\\\/grow24.us\\\/?p=37184#primaryimage\"},\"thumbnailUrl\":\"https:\\\/\\\/grow24.us\\\/wp-content\\\/uploads\\\/2026\\\/09\\\/aa3.png\",\"datePublished\":\"2026-09-01T09:04:21+00:00\",\"author\":{\"@id\":\"https:\\\/\\\/grow24.us\\\/#\\\/schema\\\/person\\\/04517c00d12fed4d6429f34df94a5345\"},\"breadcrumb\":{\"@id\":\"https:\\\/\\\/grow24.us\\\/?p=37184#breadcrumb\"},\"inLanguage\":\"en-US\",\"potentialAction\":[{\"@type\":\"ReadAction\",\"target\":[\"https:\\\/\\\/grow24.us\\\/?p=37184\"]}]},{\"@type\":\"ImageObject\",\"inLanguage\":\"en-US\",\"@id\":\"https:\\\/\\\/grow24.us\\\/?p=37184#primaryimage\",\"url\":\"https:\\\/\\\/grow24.us\\\/wp-content\\\/uploads\\\/2026\\\/09\\\/aa3.png\",\"contentUrl\":\"https:\\\/\\\/grow24.us\\\/wp-content\\\/uploads\\\/2026\\\/09\\\/aa3.png\",\"width\":730,\"height\":847},{\"@type\":\"BreadcrumbList\",\"@id\":\"https:\\\/\\\/grow24.us\\\/?p=37184#breadcrumb\",\"itemListElement\":[{\"@type\":\"ListItem\",\"position\":1,\"name\":\"Home\",\"item\":\"https:\\\/\\\/grow24.us\\\/\"},{\"@type\":\"ListItem\",\"position\":2,\"name\":\"Kantoni i Z\u00fcrichut vendos t\u00eb ndaloj\u00eb shamit\u00eb n\u00eb shkolla\"}]},{\"@type\":\"WebSite\",\"@id\":\"https:\\\/\\\/grow24.us\\\/#website\",\"url\":\"https:\\\/\\\/grow24.us\\\/\",\"name\":\"FRESH\",\"description\":\"\",\"potentialAction\":[{\"@type\":\"SearchAction\",\"target\":{\"@type\":\"EntryPoint\",\"urlTemplate\":\"https:\\\/\\\/grow24.us\\\/?s={search_term_string}\"},\"query-input\":{\"@type\":\"PropertyValueSpecification\",\"valueRequired\":true,\"valueName\":\"search_term_string\"}}],\"inLanguage\":\"en-US\"},{\"@type\":\"Person\",\"@id\":\"https:\\\/\\\/grow24.us\\\/#\\\/schema\\\/person\\\/04517c00d12fed4d6429f34df94a5345\",\"name\":\"Admin\",\"image\":{\"@type\":\"ImageObject\",\"inLanguage\":\"en-US\",\"@id\":\"https:\\\/\\\/secure.gravatar.com\\\/avatar\\\/a7123a349c15f1436c0b6ef0cb0678b16dcae27681f998bb30c9de74e4d77c2b?s=96&d=mm&r=g\",\"url\":\"https:\\\/\\\/secure.gravatar.com\\\/avatar\\\/a7123a349c15f1436c0b6ef0cb0678b16dcae27681f998bb30c9de74e4d77c2b?s=96&d=mm&r=g\",\"contentUrl\":\"https:\\\/\\\/secure.gravatar.com\\\/avatar\\\/a7123a349c15f1436c0b6ef0cb0678b16dcae27681f998bb30c9de74e4d77c2b?s=96&d=mm&r=g\",\"caption\":\"Admin\"},\"sameAs\":[\"http:\\\/\\\/grow24.us\"],\"url\":\"https:\\\/\\\/grow24.us\\\/?author=1\"}]}<\/script>\n<!-- \/ Yoast SEO plugin. -->","yoast_head_json":{"title":"Kantoni i Z\u00fcrichut vendos t\u00eb ndaloj\u00eb shamit\u00eb n\u00eb shkolla - FRESH","robots":{"index":"index","follow":"follow","max-snippet":"max-snippet:-1","max-image-preview":"max-image-preview:large","max-video-preview":"max-video-preview:-1"},"canonical":"https:\/\/grow24.us\/?p=37184","og_locale":"en_US","og_type":"article","og_title":"Kantoni i Z\u00fcrichut vendos t\u00eb ndaloj\u00eb shamit\u00eb n\u00eb shkolla - FRESH","og_description":"Kantoni i Z\u00fcrichut vendos t\u00eb ndaloj\u00eb shamit\u00eb n\u00eb shkolla Parlamenti Kantonal i Z\u00fcrichut ka votuar t\u00eb h\u00ebn\u00ebn p\u00ebr ndalimin e shamis\u00eb n\u00eb shkollat publike. Vendimi erdhi pas...","og_url":"https:\/\/grow24.us\/?p=37184","og_site_name":"FRESH","article_published_time":"2026-09-01T09:04:21+00:00","og_image":[{"width":730,"height":847,"url":"https:\/\/grow24.us\/wp-content\/uploads\/2026\/09\/aa3.png","type":"image\/png"}],"author":"Admin","twitter_card":"summary_large_image","twitter_misc":{"Written by":"Admin","Est. reading time":"2 minutes"},"schema":{"@context":"https:\/\/schema.org","@graph":[{"@type":"Article","@id":"https:\/\/grow24.us\/?p=37184#article","isPartOf":{"@id":"https:\/\/grow24.us\/?p=37184"},"author":{"name":"Admin","@id":"https:\/\/grow24.us\/#\/schema\/person\/04517c00d12fed4d6429f34df94a5345"},"headline":"Kantoni i Z\u00fcrichut vendos t\u00eb ndaloj\u00eb shamit\u00eb n\u00eb shkolla","datePublished":"2026-09-01T09:04:21+00:00","mainEntityOfPage":{"@id":"https:\/\/grow24.us\/?p=37184"},"wordCount":337,"image":{"@id":"https:\/\/grow24.us\/?p=37184#primaryimage"},"thumbnailUrl":"https:\/\/grow24.us\/wp-content\/uploads\/2026\/09\/aa3.png","articleSection":["News"],"inLanguage":"en-US"},{"@type":"WebPage","@id":"https:\/\/grow24.us\/?p=37184","url":"https:\/\/grow24.us\/?p=37184","name":"Kantoni i Z\u00fcrichut vendos t\u00eb ndaloj\u00eb shamit\u00eb n\u00eb shkolla - FRESH","isPartOf":{"@id":"https:\/\/grow24.us\/#website"},"primaryImageOfPage":{"@id":"https:\/\/grow24.us\/?p=37184#primaryimage"},"image":{"@id":"https:\/\/grow24.us\/?p=37184#primaryimage"},"thumbnailUrl":"https:\/\/grow24.us\/wp-content\/uploads\/2026\/09\/aa3.png","datePublished":"2026-09-01T09:04:21+00:00","author":{"@id":"https:\/\/grow24.us\/#\/schema\/person\/04517c00d12fed4d6429f34df94a5345"},"breadcrumb":{"@id":"https:\/\/grow24.us\/?p=37184#breadcrumb"},"inLanguage":"en-US","potentialAction":[{"@type":"ReadAction","target":["https:\/\/grow24.us\/?p=37184"]}]},{"@type":"ImageObject","inLanguage":"en-US","@id":"https:\/\/grow24.us\/?p=37184#primaryimage","url":"https:\/\/grow24.us\/wp-content\/uploads\/2026\/09\/aa3.png","contentUrl":"https:\/\/grow24.us\/wp-content\/uploads\/2026\/09\/aa3.png","width":730,"height":847},{"@type":"BreadcrumbList","@id":"https:\/\/grow24.us\/?p=37184#breadcrumb","itemListElement":[{"@type":"ListItem","position":1,"name":"Home","item":"https:\/\/grow24.us\/"},{"@type":"ListItem","position":2,"name":"Kantoni i Z\u00fcrichut vendos t\u00eb ndaloj\u00eb shamit\u00eb n\u00eb shkolla"}]},{"@type":"WebSite","@id":"https:\/\/grow24.us\/#website","url":"https:\/\/grow24.us\/","name":"FRESH","description":"","potentialAction":[{"@type":"SearchAction","target":{"@type":"EntryPoint","urlTemplate":"https:\/\/grow24.us\/?s={search_term_string}"},"query-input":{"@type":"PropertyValueSpecification","valueRequired":true,"valueName":"search_term_string"}}],"inLanguage":"en-US"},{"@type":"Person","@id":"https:\/\/grow24.us\/#\/schema\/person\/04517c00d12fed4d6429f34df94a5345","name":"Admin","image":{"@type":"ImageObject","inLanguage":"en-US","@id":"https:\/\/secure.gravatar.com\/avatar\/a7123a349c15f1436c0b6ef0cb0678b16dcae27681f998bb30c9de74e4d77c2b?s=96&d=mm&r=g","url":"https:\/\/secure.gravatar.com\/avatar\/a7123a349c15f1436c0b6ef0cb0678b16dcae27681f998bb30c9de74e4d77c2b?s=96&d=mm&r=g","contentUrl":"https:\/\/secure.gravatar.com\/avatar\/a7123a349c15f1436c0b6ef0cb0678b16dcae27681f998bb30c9de74e4d77c2b?s=96&d=mm&r=g","caption":"Admin"},"sameAs":["http:\/\/grow24.us"],"url":"https:\/\/grow24.us\/?author=1"}]}},"_links":{"self":[{"href":"https:\/\/grow24.us\/index.php?rest_route=\/wp\/v2\/posts\/37184","targetHints":{"allow":["GET"]}}],"collection":[{"href":"https:\/\/grow24.us\/index.php?rest_route=\/wp\/v2\/posts"}],"about":[{"href":"https:\/\/grow24.us\/index.php?rest_route=\/wp\/v2\/types\/post"}],"author":[{"embeddable":true,"href":"https:\/\/grow24.us\/index.php?rest_route=\/wp\/v2\/users\/1"}],"replies":[{"embeddable":true,"href":"https:\/\/grow24.us\/index.php?rest_route=%2Fwp%2Fv2%2Fcomments&post=37184"}],"version-history":[{"count":1,"href":"https:\/\/grow24.us\/index.php?rest_route=\/wp\/v2\/posts\/37184\/revisions"}],"predecessor-version":[{"id":37186,"href":"https:\/\/grow24.us\/index.php?rest_route=\/wp\/v2\/posts\/37184\/revisions\/37186"}],"wp:featuredmedia":[{"embeddable":true,"href":"https:\/\/grow24.us\/index.php?rest_route=\/wp\/v2\/media\/37185"}],"wp:attachment":[{"href":"https:\/\/grow24.us\/index.php?rest_route=%2Fwp%2Fv2%2Fmedia&parent=37184"}],"wp:term":[{"taxonomy":"category","embeddable":true,"href":"https:\/\/grow24.us\/index.php?rest_route=%2Fwp%2Fv2%2Fcategories&post=37184"},{"taxonomy":"post_tag","embeddable":true,"href":"https:\/\/grow24.us\/index.php?rest_route=%2Fwp%2Fv2%2Ftags&post=37184"}],"curies":[{"name":"wp","href":"https:\/\/api.w.org\/{rel}","templated":true}]}}