{"id":37178,"date":"2026-09-01T09:00:42","date_gmt":"2026-09-01T09:00:42","guid":{"rendered":"https:\/\/grow24.us\/?p=37178"},"modified":"2026-09-01T09:00:42","modified_gmt":"2026-09-01T09:00:42","slug":"kulla-serbia-synon-percarjen-fetare-te-shqiptareve-askush-tjeter-nuk-ka-interes-per-kete","status":"publish","type":"post","link":"https:\/\/grow24.us\/?p=37178","title":{"rendered":"Kulla: Serbia synon p\u00ebr\u00e7arjen fetare t\u00eb shqiptar\u00ebve, askush tjet\u00ebr nuk ka interes p\u00ebr k\u00ebt\u00eb"},"content":{"rendered":"<header class=\"ki-single__header\">\n<h1>Kulla: Serbia synon p\u00ebr\u00e7arjen fetare t\u00eb shqiptar\u00ebve, askush tjet\u00ebr nuk ka interes p\u00ebr k\u00ebt\u00eb<\/h1>\n<\/header>\n<aside class=\"ki-managed-ad ki-managed-ad--single-title\" data-ad-placement=\"single-title\">\n<div class=\"ki-managed-ad__label\" aria-hidden=\"true\"><\/div>\n<\/aside>\n<figure class=\"ki-single__image\"><picture><source srcset=\"https:\/\/cdn.kosovaime.tv\/w780\/2026\/09\/Ilir-Kulla.jpg.webp.webp 851w, https:\/\/cdn.kosovaime.tv\/w300\/2026\/09\/Ilir-Kulla-300x182.jpg.webp.webp 300w, https:\/\/cdn.kosovaime.tv\/w768\/2026\/09\/Ilir-Kulla-768x465.jpg.webp.webp 768w\" type=\"image\/webp\" \/><img loading=\"lazy\" decoding=\"async\" class=\"attachment-full size-full wp-post-image\" src=\"https:\/\/cdn.kosovaime.tv\/w780\/2026\/09\/Ilir-Kulla.jpg.webp\" sizes=\"auto, (max-width: 851px) 100vw, 851px\" srcset=\"https:\/\/cdn.kosovaime.tv\/w780\/2026\/09\/Ilir-Kulla.jpg.webp 851w, https:\/\/cdn.kosovaime.tv\/w300\/2026\/09\/Ilir-Kulla-300x182.jpg.webp 300w, https:\/\/cdn.kosovaime.tv\/w768\/2026\/09\/Ilir-Kulla-768x465.jpg.webp 768w\" alt=\"\" width=\"851\" height=\"515\" \/><\/picture><\/figure>\n<div class=\"ki-content\">\n<p>Drejtori i \u201cGlobal Crisis Group\u201d, Ilir Kulla,ka deklaruar se besimi fetar dhe atdheu jan\u00eb t\u00eb lidhura ngusht\u00eb me nj\u00ebra-tjetr\u00ebn, nd\u00ebrsa ka folur edhe p\u00ebr rrezikun e p\u00ebr\u00e7arjeve fetare n\u00eb Kosov\u00eb.<\/p>\n<p>Kulla ishte i ftuar n\u00eb emisionin \u201cMatrix\u201d, t\u00eb moderuar nga Mehmet Kalisi, ku nd\u00ebr t\u00eb tjera u diskutua edhe p\u00ebr raportet mes fes\u00eb, identitetit komb\u00ebtar dhe interesave politike n\u00eb Kosov\u00eb.<\/p>\n<aside class=\"ki-managed-ad ki-managed-ad--paragraph-1\" data-ad-placement=\"paragraph-1\">\n<div class=\"ki-managed-ad__label\" aria-hidden=\"true\"><\/div>\n<\/aside>\n<p>Gjat\u00eb emisionit, Kulla u shpreh se \u201cpa fe nuk ka atdhe\u201d, duke e lidhur \u00e7\u00ebshtjen e besimit me identitetin dhe ruajtjen e atdheut.<\/p>\n<p>Ai foli edhe p\u00ebr pyetjen se cilat vende mund t\u00eb ken\u00eb interes q\u00eb n\u00eb Kosov\u00eb t\u00eb ket\u00eb p\u00ebr\u00e7arje mbi baza fetare. Sipas Kull\u00ebs, nj\u00eb interes t\u00eb till\u00eb e kaserbia organizon-nje-funeral-per-mladiqin-do-tia-mbylle-vetes-dyert-ne-bashkimin-evropian\/&#8221; rel=&#8221;tag&#8221;&gt;Serbia, nd\u00ebrsa shtetet e tjera nuk kan\u00eb interes q\u00eb shqiptar\u00ebt t\u00eb ndahen mbi baza fetare.<\/p>\n<\/div>\n","protected":false},"excerpt":{"rendered":"<p>Kulla: Serbia synon p\u00ebr\u00e7arjen fetare t\u00eb shqiptar\u00ebve, askush tjet\u00ebr nuk ka interes p\u00ebr k\u00ebt\u00eb Drejtori i \u201cGlobal Crisis Group\u201d, Ilir Kulla,ka deklaruar se besimi fetar dhe atdheu&#8230; <\/p>\n","protected":false},"author":1,"featured_media":37179,"comment_status":"closed","ping_status":"closed","sticky":false,"template":"","format":"standard","meta":{"footnotes":""},"categories":[1],"tags":[],"class_list":["post-37178","post","type-post","status-publish","format-standard","has-post-thumbnail","hentry","category-news"],"yoast_head":"<!-- This site is optimized with the Yoast SEO plugin v28.1 - https:\/\/yoast.com\/product\/yoast-seo-wordpress\/ -->\n<title>Kulla: Serbia synon p\u00ebr\u00e7arjen fetare t\u00eb shqiptar\u00ebve, askush tjet\u00ebr nuk ka interes p\u00ebr k\u00ebt\u00eb - FRESH<\/title>\n<meta name=\"robots\" content=\"index, follow, max-snippet:-1, max-image-preview:large, max-video-preview:-1\" \/>\n<link rel=\"canonical\" href=\"https:\/\/grow24.us\/?p=37178\" \/>\n<meta property=\"og:locale\" content=\"en_US\" \/>\n<meta property=\"og:type\" content=\"article\" \/>\n<meta property=\"og:title\" content=\"Kulla: Serbia synon p\u00ebr\u00e7arjen fetare t\u00eb shqiptar\u00ebve, askush tjet\u00ebr nuk ka interes p\u00ebr k\u00ebt\u00eb - FRESH\" \/>\n<meta property=\"og:description\" content=\"Kulla: Serbia synon p\u00ebr\u00e7arjen fetare t\u00eb shqiptar\u00ebve, askush tjet\u00ebr nuk ka interes p\u00ebr k\u00ebt\u00eb Drejtori i \u201cGlobal Crisis Group\u201d, Ilir Kulla,ka deklaruar se besimi fetar dhe atdheu...\" \/>\n<meta property=\"og:url\" content=\"https:\/\/grow24.us\/?p=37178\" \/>\n<meta property=\"og:site_name\" content=\"FRESH\" \/>\n<meta property=\"article:published_time\" content=\"2026-09-01T09:00:42+00:00\" \/>\n<meta property=\"og:image\" content=\"https:\/\/grow24.us\/wp-content\/uploads\/2026\/09\/78.png\" \/>\n\t<meta property=\"og:image:width\" content=\"735\" \/>\n\t<meta property=\"og:image:height\" content=\"856\" \/>\n\t<meta property=\"og:image:type\" content=\"image\/png\" \/>\n<meta name=\"author\" content=\"Admin\" \/>\n<meta name=\"twitter:card\" content=\"summary_large_image\" \/>\n<meta name=\"twitter:label1\" content=\"Written by\" \/>\n\t<meta name=\"twitter:data1\" content=\"Admin\" \/>\n\t<meta name=\"twitter:label2\" content=\"Est. reading time\" \/>\n\t<meta name=\"twitter:data2\" content=\"2 minutes\" \/>\n<script type=\"application\/ld+json\" class=\"yoast-schema-graph\">{\"@context\":\"https:\\\/\\\/schema.org\",\"@graph\":[{\"@type\":\"Article\",\"@id\":\"https:\\\/\\\/grow24.us\\\/?p=37178#article\",\"isPartOf\":{\"@id\":\"https:\\\/\\\/grow24.us\\\/?p=37178\"},\"author\":{\"name\":\"Admin\",\"@id\":\"https:\\\/\\\/grow24.us\\\/#\\\/schema\\\/person\\\/04517c00d12fed4d6429f34df94a5345\"},\"headline\":\"Kulla: Serbia synon p\u00ebr\u00e7arjen fetare t\u00eb shqiptar\u00ebve, askush tjet\u00ebr nuk ka interes p\u00ebr k\u00ebt\u00eb\",\"datePublished\":\"2026-09-01T09:00:42+00:00\",\"mainEntityOfPage\":{\"@id\":\"https:\\\/\\\/grow24.us\\\/?p=37178\"},\"wordCount\":187,\"image\":{\"@id\":\"https:\\\/\\\/grow24.us\\\/?p=37178#primaryimage\"},\"thumbnailUrl\":\"https:\\\/\\\/grow24.us\\\/wp-content\\\/uploads\\\/2026\\\/09\\\/78.png\",\"articleSection\":[\"News\"],\"inLanguage\":\"en-US\"},{\"@type\":\"WebPage\",\"@id\":\"https:\\\/\\\/grow24.us\\\/?p=37178\",\"url\":\"https:\\\/\\\/grow24.us\\\/?p=37178\",\"name\":\"Kulla: Serbia synon p\u00ebr\u00e7arjen fetare t\u00eb shqiptar\u00ebve, askush tjet\u00ebr nuk ka interes p\u00ebr k\u00ebt\u00eb - FRESH\",\"isPartOf\":{\"@id\":\"https:\\\/\\\/grow24.us\\\/#website\"},\"primaryImageOfPage\":{\"@id\":\"https:\\\/\\\/grow24.us\\\/?p=37178#primaryimage\"},\"image\":{\"@id\":\"https:\\\/\\\/grow24.us\\\/?p=37178#primaryimage\"},\"thumbnailUrl\":\"https:\\\/\\\/grow24.us\\\/wp-content\\\/uploads\\\/2026\\\/09\\\/78.png\",\"datePublished\":\"2026-09-01T09:00:42+00:00\",\"author\":{\"@id\":\"https:\\\/\\\/grow24.us\\\/#\\\/schema\\\/person\\\/04517c00d12fed4d6429f34df94a5345\"},\"breadcrumb\":{\"@id\":\"https:\\\/\\\/grow24.us\\\/?p=37178#breadcrumb\"},\"inLanguage\":\"en-US\",\"potentialAction\":[{\"@type\":\"ReadAction\",\"target\":[\"https:\\\/\\\/grow24.us\\\/?p=37178\"]}]},{\"@type\":\"ImageObject\",\"inLanguage\":\"en-US\",\"@id\":\"https:\\\/\\\/grow24.us\\\/?p=37178#primaryimage\",\"url\":\"https:\\\/\\\/grow24.us\\\/wp-content\\\/uploads\\\/2026\\\/09\\\/78.png\",\"contentUrl\":\"https:\\\/\\\/grow24.us\\\/wp-content\\\/uploads\\\/2026\\\/09\\\/78.png\",\"width\":735,\"height\":856},{\"@type\":\"BreadcrumbList\",\"@id\":\"https:\\\/\\\/grow24.us\\\/?p=37178#breadcrumb\",\"itemListElement\":[{\"@type\":\"ListItem\",\"position\":1,\"name\":\"Home\",\"item\":\"https:\\\/\\\/grow24.us\\\/\"},{\"@type\":\"ListItem\",\"position\":2,\"name\":\"Kulla: Serbia synon p\u00ebr\u00e7arjen fetare t\u00eb shqiptar\u00ebve, askush tjet\u00ebr nuk ka interes p\u00ebr k\u00ebt\u00eb\"}]},{\"@type\":\"WebSite\",\"@id\":\"https:\\\/\\\/grow24.us\\\/#website\",\"url\":\"https:\\\/\\\/grow24.us\\\/\",\"name\":\"FRESH\",\"description\":\"\",\"potentialAction\":[{\"@type\":\"SearchAction\",\"target\":{\"@type\":\"EntryPoint\",\"urlTemplate\":\"https:\\\/\\\/grow24.us\\\/?s={search_term_string}\"},\"query-input\":{\"@type\":\"PropertyValueSpecification\",\"valueRequired\":true,\"valueName\":\"search_term_string\"}}],\"inLanguage\":\"en-US\"},{\"@type\":\"Person\",\"@id\":\"https:\\\/\\\/grow24.us\\\/#\\\/schema\\\/person\\\/04517c00d12fed4d6429f34df94a5345\",\"name\":\"Admin\",\"image\":{\"@type\":\"ImageObject\",\"inLanguage\":\"en-US\",\"@id\":\"https:\\\/\\\/secure.gravatar.com\\\/avatar\\\/a7123a349c15f1436c0b6ef0cb0678b16dcae27681f998bb30c9de74e4d77c2b?s=96&d=mm&r=g\",\"url\":\"https:\\\/\\\/secure.gravatar.com\\\/avatar\\\/a7123a349c15f1436c0b6ef0cb0678b16dcae27681f998bb30c9de74e4d77c2b?s=96&d=mm&r=g\",\"contentUrl\":\"https:\\\/\\\/secure.gravatar.com\\\/avatar\\\/a7123a349c15f1436c0b6ef0cb0678b16dcae27681f998bb30c9de74e4d77c2b?s=96&d=mm&r=g\",\"caption\":\"Admin\"},\"sameAs\":[\"http:\\\/\\\/grow24.us\"],\"url\":\"https:\\\/\\\/grow24.us\\\/?author=1\"}]}<\/script>\n<!-- \/ Yoast SEO plugin. -->","yoast_head_json":{"title":"Kulla: Serbia synon p\u00ebr\u00e7arjen fetare t\u00eb shqiptar\u00ebve, askush tjet\u00ebr nuk ka interes p\u00ebr k\u00ebt\u00eb - FRESH","robots":{"index":"index","follow":"follow","max-snippet":"max-snippet:-1","max-image-preview":"max-image-preview:large","max-video-preview":"max-video-preview:-1"},"canonical":"https:\/\/grow24.us\/?p=37178","og_locale":"en_US","og_type":"article","og_title":"Kulla: Serbia synon p\u00ebr\u00e7arjen fetare t\u00eb shqiptar\u00ebve, askush tjet\u00ebr nuk ka interes p\u00ebr k\u00ebt\u00eb - FRESH","og_description":"Kulla: Serbia synon p\u00ebr\u00e7arjen fetare t\u00eb shqiptar\u00ebve, askush tjet\u00ebr nuk ka interes p\u00ebr k\u00ebt\u00eb Drejtori i \u201cGlobal Crisis Group\u201d, Ilir Kulla,ka deklaruar se besimi fetar dhe atdheu...","og_url":"https:\/\/grow24.us\/?p=37178","og_site_name":"FRESH","article_published_time":"2026-09-01T09:00:42+00:00","og_image":[{"width":735,"height":856,"url":"https:\/\/grow24.us\/wp-content\/uploads\/2026\/09\/78.png","type":"image\/png"}],"author":"Admin","twitter_card":"summary_large_image","twitter_misc":{"Written by":"Admin","Est. reading time":"2 minutes"},"schema":{"@context":"https:\/\/schema.org","@graph":[{"@type":"Article","@id":"https:\/\/grow24.us\/?p=37178#article","isPartOf":{"@id":"https:\/\/grow24.us\/?p=37178"},"author":{"name":"Admin","@id":"https:\/\/grow24.us\/#\/schema\/person\/04517c00d12fed4d6429f34df94a5345"},"headline":"Kulla: Serbia synon p\u00ebr\u00e7arjen fetare t\u00eb shqiptar\u00ebve, askush tjet\u00ebr nuk ka interes p\u00ebr k\u00ebt\u00eb","datePublished":"2026-09-01T09:00:42+00:00","mainEntityOfPage":{"@id":"https:\/\/grow24.us\/?p=37178"},"wordCount":187,"image":{"@id":"https:\/\/grow24.us\/?p=37178#primaryimage"},"thumbnailUrl":"https:\/\/grow24.us\/wp-content\/uploads\/2026\/09\/78.png","articleSection":["News"],"inLanguage":"en-US"},{"@type":"WebPage","@id":"https:\/\/grow24.us\/?p=37178","url":"https:\/\/grow24.us\/?p=37178","name":"Kulla: Serbia synon p\u00ebr\u00e7arjen fetare t\u00eb shqiptar\u00ebve, askush tjet\u00ebr nuk ka interes p\u00ebr k\u00ebt\u00eb - FRESH","isPartOf":{"@id":"https:\/\/grow24.us\/#website"},"primaryImageOfPage":{"@id":"https:\/\/grow24.us\/?p=37178#primaryimage"},"image":{"@id":"https:\/\/grow24.us\/?p=37178#primaryimage"},"thumbnailUrl":"https:\/\/grow24.us\/wp-content\/uploads\/2026\/09\/78.png","datePublished":"2026-09-01T09:00:42+00:00","author":{"@id":"https:\/\/grow24.us\/#\/schema\/person\/04517c00d12fed4d6429f34df94a5345"},"breadcrumb":{"@id":"https:\/\/grow24.us\/?p=37178#breadcrumb"},"inLanguage":"en-US","potentialAction":[{"@type":"ReadAction","target":["https:\/\/grow24.us\/?p=37178"]}]},{"@type":"ImageObject","inLanguage":"en-US","@id":"https:\/\/grow24.us\/?p=37178#primaryimage","url":"https:\/\/grow24.us\/wp-content\/uploads\/2026\/09\/78.png","contentUrl":"https:\/\/grow24.us\/wp-content\/uploads\/2026\/09\/78.png","width":735,"height":856},{"@type":"BreadcrumbList","@id":"https:\/\/grow24.us\/?p=37178#breadcrumb","itemListElement":[{"@type":"ListItem","position":1,"name":"Home","item":"https:\/\/grow24.us\/"},{"@type":"ListItem","position":2,"name":"Kulla: Serbia synon p\u00ebr\u00e7arjen fetare t\u00eb shqiptar\u00ebve, askush tjet\u00ebr nuk ka interes p\u00ebr k\u00ebt\u00eb"}]},{"@type":"WebSite","@id":"https:\/\/grow24.us\/#website","url":"https:\/\/grow24.us\/","name":"FRESH","description":"","potentialAction":[{"@type":"SearchAction","target":{"@type":"EntryPoint","urlTemplate":"https:\/\/grow24.us\/?s={search_term_string}"},"query-input":{"@type":"PropertyValueSpecification","valueRequired":true,"valueName":"search_term_string"}}],"inLanguage":"en-US"},{"@type":"Person","@id":"https:\/\/grow24.us\/#\/schema\/person\/04517c00d12fed4d6429f34df94a5345","name":"Admin","image":{"@type":"ImageObject","inLanguage":"en-US","@id":"https:\/\/secure.gravatar.com\/avatar\/a7123a349c15f1436c0b6ef0cb0678b16dcae27681f998bb30c9de74e4d77c2b?s=96&d=mm&r=g","url":"https:\/\/secure.gravatar.com\/avatar\/a7123a349c15f1436c0b6ef0cb0678b16dcae27681f998bb30c9de74e4d77c2b?s=96&d=mm&r=g","contentUrl":"https:\/\/secure.gravatar.com\/avatar\/a7123a349c15f1436c0b6ef0cb0678b16dcae27681f998bb30c9de74e4d77c2b?s=96&d=mm&r=g","caption":"Admin"},"sameAs":["http:\/\/grow24.us"],"url":"https:\/\/grow24.us\/?author=1"}]}},"_links":{"self":[{"href":"https:\/\/grow24.us\/index.php?rest_route=\/wp\/v2\/posts\/37178","targetHints":{"allow":["GET"]}}],"collection":[{"href":"https:\/\/grow24.us\/index.php?rest_route=\/wp\/v2\/posts"}],"about":[{"href":"https:\/\/grow24.us\/index.php?rest_route=\/wp\/v2\/types\/post"}],"author":[{"embeddable":true,"href":"https:\/\/grow24.us\/index.php?rest_route=\/wp\/v2\/users\/1"}],"replies":[{"embeddable":true,"href":"https:\/\/grow24.us\/index.php?rest_route=%2Fwp%2Fv2%2Fcomments&post=37178"}],"version-history":[{"count":1,"href":"https:\/\/grow24.us\/index.php?rest_route=\/wp\/v2\/posts\/37178\/revisions"}],"predecessor-version":[{"id":37180,"href":"https:\/\/grow24.us\/index.php?rest_route=\/wp\/v2\/posts\/37178\/revisions\/37180"}],"wp:featuredmedia":[{"embeddable":true,"href":"https:\/\/grow24.us\/index.php?rest_route=\/wp\/v2\/media\/37179"}],"wp:attachment":[{"href":"https:\/\/grow24.us\/index.php?rest_route=%2Fwp%2Fv2%2Fmedia&parent=37178"}],"wp:term":[{"taxonomy":"category","embeddable":true,"href":"https:\/\/grow24.us\/index.php?rest_route=%2Fwp%2Fv2%2Fcategories&post=37178"},{"taxonomy":"post_tag","embeddable":true,"href":"https:\/\/grow24.us\/index.php?rest_route=%2Fwp%2Fv2%2Ftags&post=37178"}],"curies":[{"name":"wp","href":"https:\/\/api.w.org\/{rel}","templated":true}]}}