{"id":37161,"date":"2026-09-01T06:19:06","date_gmt":"2026-09-01T06:19:06","guid":{"rendered":"https:\/\/grow24.us\/?p=37161"},"modified":"2026-09-01T06:19:06","modified_gmt":"2026-09-01T06:19:06","slug":"latifi-sa-i-perket-luftes-se-kosoves-rrahim-ademi-do-te-kujtohet-vetem-si-frikacak","status":"publish","type":"post","link":"https:\/\/grow24.us\/?p=37161","title":{"rendered":"Latifi: Sa i p\u00ebrket luft\u00ebs s\u00eb Kosov\u00ebs, Rrahim Ademi do t\u00eb kujtohet vet\u00ebm si frikacak"},"content":{"rendered":"<header class=\"ki-single__header\">\n<h1>Latifi: Sa i p\u00ebrket luft\u00ebs s\u00eb Kosov\u00ebs, Rrahim Ademi do t\u00eb kujtohet vet\u00ebm si frikacak<\/h1>\n<\/header>\n<figure class=\"ki-single__image\"><picture><source srcset=\"https:\/\/cdn.kosovaime.tv\/w780\/2026\/08\/Blerim-Latifi.jpg.webp.webp 1206w, https:\/\/cdn.kosovaime.tv\/w300\/2026\/08\/Blerim-Latifi-300x166.jpg.webp.webp 300w, https:\/\/cdn.kosovaime.tv\/w1024\/2026\/08\/Blerim-Latifi-1024x567.jpg.webp.webp 1024w, https:\/\/cdn.kosovaime.tv\/w768\/2026\/08\/Blerim-Latifi-768x425.jpg.webp.webp 768w\" type=\"image\/webp\" \/><img loading=\"lazy\" decoding=\"async\" class=\"attachment-full size-full wp-post-image\" src=\"https:\/\/cdn.kosovaime.tv\/w780\/2026\/08\/Blerim-Latifi.jpg.webp\" sizes=\"auto, (max-width: 1206px) 100vw, 1206px\" srcset=\"https:\/\/cdn.kosovaime.tv\/w780\/2026\/08\/Blerim-Latifi.jpg.webp 1206w, https:\/\/cdn.kosovaime.tv\/w300\/2026\/08\/Blerim-Latifi-300x166.jpg.webp 300w, https:\/\/cdn.kosovaime.tv\/w1024\/2026\/08\/Blerim-Latifi-1024x567.jpg.webp 1024w, https:\/\/cdn.kosovaime.tv\/w768\/2026\/08\/Blerim-Latifi-768x425.jpg.webp 768w\" alt=\"\" width=\"1206\" height=\"668\" \/><\/picture><\/figure>\n<div class=\"ki-content\">\n<p>Blerim Latifi<\/p>\n<p>Gjithandej po shp\u00ebrndahet nj\u00eb tregim q\u00eb e paraqet gjeneralin Rahim Ademi si njeriun q\u00eb, n\u00eb betej\u00ebn e Shibenikut, i shkaktoi nj\u00eb disfat\u00eb t\u00eb r\u00ebnd\u00eb gjeneralit serb Ratko Mladiq, kasapit t\u00eb Bosnj\u00ebs.<\/p>\n<aside class=\"ki-managed-ad ki-managed-ad--paragraph-1\" data-ad-placement=\"paragraph-1\">\n<div class=\"ki-managed-ad__label\" aria-hidden=\"true\"><\/div>\n<\/aside>\n<p>Po, Rrahim Ademi ishte pjes\u00eb e fitores s\u00eb madhe kroate kund\u00ebr forcave serbe n\u00eb Kroaci. Kjo \u00ebsht\u00eb pjes\u00eb e historis\u00eb dhe nuk ka arsye t\u00eb mohohet.<\/p>\n<p>Por historia nuk mbaron aty.<\/p>\n<\/div>\n","protected":false},"excerpt":{"rendered":"<p>Latifi: Sa i p\u00ebrket luft\u00ebs s\u00eb Kosov\u00ebs, Rrahim Ademi do t\u00eb kujtohet vet\u00ebm si frikacak Blerim Latifi Gjithandej po shp\u00ebrndahet nj\u00eb tregim q\u00eb e paraqet gjeneralin Rahim&#8230; <\/p>\n","protected":false},"author":1,"featured_media":37162,"comment_status":"closed","ping_status":"closed","sticky":false,"template":"","format":"standard","meta":{"footnotes":""},"categories":[1],"tags":[],"class_list":["post-37161","post","type-post","status-publish","format-standard","has-post-thumbnail","hentry","category-news"],"yoast_head":"<!-- This site is optimized with the Yoast SEO plugin v28.1 - https:\/\/yoast.com\/product\/yoast-seo-wordpress\/ -->\n<title>Latifi: Sa i p\u00ebrket luft\u00ebs s\u00eb Kosov\u00ebs, Rrahim Ademi do t\u00eb kujtohet vet\u00ebm si frikacak - FRESH<\/title>\n<meta name=\"robots\" content=\"index, follow, max-snippet:-1, max-image-preview:large, max-video-preview:-1\" \/>\n<link rel=\"canonical\" href=\"https:\/\/grow24.us\/?p=37161\" \/>\n<meta property=\"og:locale\" content=\"en_US\" \/>\n<meta property=\"og:type\" content=\"article\" \/>\n<meta property=\"og:title\" content=\"Latifi: Sa i p\u00ebrket luft\u00ebs s\u00eb Kosov\u00ebs, Rrahim Ademi do t\u00eb kujtohet vet\u00ebm si frikacak - FRESH\" \/>\n<meta property=\"og:description\" content=\"Latifi: Sa i p\u00ebrket luft\u00ebs s\u00eb Kosov\u00ebs, Rrahim Ademi do t\u00eb kujtohet vet\u00ebm si frikacak Blerim Latifi Gjithandej po shp\u00ebrndahet nj\u00eb tregim q\u00eb e paraqet gjeneralin Rahim...\" \/>\n<meta property=\"og:url\" content=\"https:\/\/grow24.us\/?p=37161\" \/>\n<meta property=\"og:site_name\" content=\"FRESH\" \/>\n<meta property=\"article:published_time\" content=\"2026-09-01T06:19:06+00:00\" \/>\n<meta property=\"og:image\" content=\"https:\/\/grow24.us\/wp-content\/uploads\/2026\/09\/5.jpg\" \/>\n\t<meta property=\"og:image:width\" content=\"1122\" \/>\n\t<meta property=\"og:image:height\" content=\"1402\" \/>\n\t<meta property=\"og:image:type\" content=\"image\/jpeg\" \/>\n<meta name=\"author\" content=\"Admin\" \/>\n<meta name=\"twitter:card\" content=\"summary_large_image\" \/>\n<meta name=\"twitter:label1\" content=\"Written by\" \/>\n\t<meta name=\"twitter:data1\" content=\"Admin\" \/>\n\t<meta name=\"twitter:label2\" content=\"Est. reading time\" \/>\n\t<meta name=\"twitter:data2\" content=\"1 minute\" \/>\n<script type=\"application\/ld+json\" class=\"yoast-schema-graph\">{\"@context\":\"https:\\\/\\\/schema.org\",\"@graph\":[{\"@type\":\"Article\",\"@id\":\"https:\\\/\\\/grow24.us\\\/?p=37161#article\",\"isPartOf\":{\"@id\":\"https:\\\/\\\/grow24.us\\\/?p=37161\"},\"author\":{\"name\":\"Admin\",\"@id\":\"https:\\\/\\\/grow24.us\\\/#\\\/schema\\\/person\\\/04517c00d12fed4d6429f34df94a5345\"},\"headline\":\"Latifi: Sa i p\u00ebrket luft\u00ebs s\u00eb Kosov\u00ebs, Rrahim Ademi do t\u00eb kujtohet vet\u00ebm si frikacak\",\"datePublished\":\"2026-09-01T06:19:06+00:00\",\"mainEntityOfPage\":{\"@id\":\"https:\\\/\\\/grow24.us\\\/?p=37161\"},\"wordCount\":107,\"image\":{\"@id\":\"https:\\\/\\\/grow24.us\\\/?p=37161#primaryimage\"},\"thumbnailUrl\":\"https:\\\/\\\/grow24.us\\\/wp-content\\\/uploads\\\/2026\\\/09\\\/5.jpg\",\"articleSection\":[\"News\"],\"inLanguage\":\"en-US\"},{\"@type\":\"WebPage\",\"@id\":\"https:\\\/\\\/grow24.us\\\/?p=37161\",\"url\":\"https:\\\/\\\/grow24.us\\\/?p=37161\",\"name\":\"Latifi: Sa i p\u00ebrket luft\u00ebs s\u00eb Kosov\u00ebs, Rrahim Ademi do t\u00eb kujtohet vet\u00ebm si frikacak - FRESH\",\"isPartOf\":{\"@id\":\"https:\\\/\\\/grow24.us\\\/#website\"},\"primaryImageOfPage\":{\"@id\":\"https:\\\/\\\/grow24.us\\\/?p=37161#primaryimage\"},\"image\":{\"@id\":\"https:\\\/\\\/grow24.us\\\/?p=37161#primaryimage\"},\"thumbnailUrl\":\"https:\\\/\\\/grow24.us\\\/wp-content\\\/uploads\\\/2026\\\/09\\\/5.jpg\",\"datePublished\":\"2026-09-01T06:19:06+00:00\",\"author\":{\"@id\":\"https:\\\/\\\/grow24.us\\\/#\\\/schema\\\/person\\\/04517c00d12fed4d6429f34df94a5345\"},\"breadcrumb\":{\"@id\":\"https:\\\/\\\/grow24.us\\\/?p=37161#breadcrumb\"},\"inLanguage\":\"en-US\",\"potentialAction\":[{\"@type\":\"ReadAction\",\"target\":[\"https:\\\/\\\/grow24.us\\\/?p=37161\"]}]},{\"@type\":\"ImageObject\",\"inLanguage\":\"en-US\",\"@id\":\"https:\\\/\\\/grow24.us\\\/?p=37161#primaryimage\",\"url\":\"https:\\\/\\\/grow24.us\\\/wp-content\\\/uploads\\\/2026\\\/09\\\/5.jpg\",\"contentUrl\":\"https:\\\/\\\/grow24.us\\\/wp-content\\\/uploads\\\/2026\\\/09\\\/5.jpg\",\"width\":1122,\"height\":1402},{\"@type\":\"BreadcrumbList\",\"@id\":\"https:\\\/\\\/grow24.us\\\/?p=37161#breadcrumb\",\"itemListElement\":[{\"@type\":\"ListItem\",\"position\":1,\"name\":\"Home\",\"item\":\"https:\\\/\\\/grow24.us\\\/\"},{\"@type\":\"ListItem\",\"position\":2,\"name\":\"Latifi: Sa i p\u00ebrket luft\u00ebs s\u00eb Kosov\u00ebs, Rrahim Ademi do t\u00eb kujtohet vet\u00ebm si frikacak\"}]},{\"@type\":\"WebSite\",\"@id\":\"https:\\\/\\\/grow24.us\\\/#website\",\"url\":\"https:\\\/\\\/grow24.us\\\/\",\"name\":\"FRESH\",\"description\":\"\",\"potentialAction\":[{\"@type\":\"SearchAction\",\"target\":{\"@type\":\"EntryPoint\",\"urlTemplate\":\"https:\\\/\\\/grow24.us\\\/?s={search_term_string}\"},\"query-input\":{\"@type\":\"PropertyValueSpecification\",\"valueRequired\":true,\"valueName\":\"search_term_string\"}}],\"inLanguage\":\"en-US\"},{\"@type\":\"Person\",\"@id\":\"https:\\\/\\\/grow24.us\\\/#\\\/schema\\\/person\\\/04517c00d12fed4d6429f34df94a5345\",\"name\":\"Admin\",\"image\":{\"@type\":\"ImageObject\",\"inLanguage\":\"en-US\",\"@id\":\"https:\\\/\\\/secure.gravatar.com\\\/avatar\\\/a7123a349c15f1436c0b6ef0cb0678b16dcae27681f998bb30c9de74e4d77c2b?s=96&d=mm&r=g\",\"url\":\"https:\\\/\\\/secure.gravatar.com\\\/avatar\\\/a7123a349c15f1436c0b6ef0cb0678b16dcae27681f998bb30c9de74e4d77c2b?s=96&d=mm&r=g\",\"contentUrl\":\"https:\\\/\\\/secure.gravatar.com\\\/avatar\\\/a7123a349c15f1436c0b6ef0cb0678b16dcae27681f998bb30c9de74e4d77c2b?s=96&d=mm&r=g\",\"caption\":\"Admin\"},\"sameAs\":[\"http:\\\/\\\/grow24.us\"],\"url\":\"https:\\\/\\\/grow24.us\\\/?author=1\"}]}<\/script>\n<!-- \/ Yoast SEO plugin. -->","yoast_head_json":{"title":"Latifi: Sa i p\u00ebrket luft\u00ebs s\u00eb Kosov\u00ebs, Rrahim Ademi do t\u00eb kujtohet vet\u00ebm si frikacak - FRESH","robots":{"index":"index","follow":"follow","max-snippet":"max-snippet:-1","max-image-preview":"max-image-preview:large","max-video-preview":"max-video-preview:-1"},"canonical":"https:\/\/grow24.us\/?p=37161","og_locale":"en_US","og_type":"article","og_title":"Latifi: Sa i p\u00ebrket luft\u00ebs s\u00eb Kosov\u00ebs, Rrahim Ademi do t\u00eb kujtohet vet\u00ebm si frikacak - FRESH","og_description":"Latifi: Sa i p\u00ebrket luft\u00ebs s\u00eb Kosov\u00ebs, Rrahim Ademi do t\u00eb kujtohet vet\u00ebm si frikacak Blerim Latifi Gjithandej po shp\u00ebrndahet nj\u00eb tregim q\u00eb e paraqet gjeneralin Rahim...","og_url":"https:\/\/grow24.us\/?p=37161","og_site_name":"FRESH","article_published_time":"2026-09-01T06:19:06+00:00","og_image":[{"width":1122,"height":1402,"url":"https:\/\/grow24.us\/wp-content\/uploads\/2026\/09\/5.jpg","type":"image\/jpeg"}],"author":"Admin","twitter_card":"summary_large_image","twitter_misc":{"Written by":"Admin","Est. reading time":"1 minute"},"schema":{"@context":"https:\/\/schema.org","@graph":[{"@type":"Article","@id":"https:\/\/grow24.us\/?p=37161#article","isPartOf":{"@id":"https:\/\/grow24.us\/?p=37161"},"author":{"name":"Admin","@id":"https:\/\/grow24.us\/#\/schema\/person\/04517c00d12fed4d6429f34df94a5345"},"headline":"Latifi: Sa i p\u00ebrket luft\u00ebs s\u00eb Kosov\u00ebs, Rrahim Ademi do t\u00eb kujtohet vet\u00ebm si frikacak","datePublished":"2026-09-01T06:19:06+00:00","mainEntityOfPage":{"@id":"https:\/\/grow24.us\/?p=37161"},"wordCount":107,"image":{"@id":"https:\/\/grow24.us\/?p=37161#primaryimage"},"thumbnailUrl":"https:\/\/grow24.us\/wp-content\/uploads\/2026\/09\/5.jpg","articleSection":["News"],"inLanguage":"en-US"},{"@type":"WebPage","@id":"https:\/\/grow24.us\/?p=37161","url":"https:\/\/grow24.us\/?p=37161","name":"Latifi: Sa i p\u00ebrket luft\u00ebs s\u00eb Kosov\u00ebs, Rrahim Ademi do t\u00eb kujtohet vet\u00ebm si frikacak - FRESH","isPartOf":{"@id":"https:\/\/grow24.us\/#website"},"primaryImageOfPage":{"@id":"https:\/\/grow24.us\/?p=37161#primaryimage"},"image":{"@id":"https:\/\/grow24.us\/?p=37161#primaryimage"},"thumbnailUrl":"https:\/\/grow24.us\/wp-content\/uploads\/2026\/09\/5.jpg","datePublished":"2026-09-01T06:19:06+00:00","author":{"@id":"https:\/\/grow24.us\/#\/schema\/person\/04517c00d12fed4d6429f34df94a5345"},"breadcrumb":{"@id":"https:\/\/grow24.us\/?p=37161#breadcrumb"},"inLanguage":"en-US","potentialAction":[{"@type":"ReadAction","target":["https:\/\/grow24.us\/?p=37161"]}]},{"@type":"ImageObject","inLanguage":"en-US","@id":"https:\/\/grow24.us\/?p=37161#primaryimage","url":"https:\/\/grow24.us\/wp-content\/uploads\/2026\/09\/5.jpg","contentUrl":"https:\/\/grow24.us\/wp-content\/uploads\/2026\/09\/5.jpg","width":1122,"height":1402},{"@type":"BreadcrumbList","@id":"https:\/\/grow24.us\/?p=37161#breadcrumb","itemListElement":[{"@type":"ListItem","position":1,"name":"Home","item":"https:\/\/grow24.us\/"},{"@type":"ListItem","position":2,"name":"Latifi: Sa i p\u00ebrket luft\u00ebs s\u00eb Kosov\u00ebs, Rrahim Ademi do t\u00eb kujtohet vet\u00ebm si frikacak"}]},{"@type":"WebSite","@id":"https:\/\/grow24.us\/#website","url":"https:\/\/grow24.us\/","name":"FRESH","description":"","potentialAction":[{"@type":"SearchAction","target":{"@type":"EntryPoint","urlTemplate":"https:\/\/grow24.us\/?s={search_term_string}"},"query-input":{"@type":"PropertyValueSpecification","valueRequired":true,"valueName":"search_term_string"}}],"inLanguage":"en-US"},{"@type":"Person","@id":"https:\/\/grow24.us\/#\/schema\/person\/04517c00d12fed4d6429f34df94a5345","name":"Admin","image":{"@type":"ImageObject","inLanguage":"en-US","@id":"https:\/\/secure.gravatar.com\/avatar\/a7123a349c15f1436c0b6ef0cb0678b16dcae27681f998bb30c9de74e4d77c2b?s=96&d=mm&r=g","url":"https:\/\/secure.gravatar.com\/avatar\/a7123a349c15f1436c0b6ef0cb0678b16dcae27681f998bb30c9de74e4d77c2b?s=96&d=mm&r=g","contentUrl":"https:\/\/secure.gravatar.com\/avatar\/a7123a349c15f1436c0b6ef0cb0678b16dcae27681f998bb30c9de74e4d77c2b?s=96&d=mm&r=g","caption":"Admin"},"sameAs":["http:\/\/grow24.us"],"url":"https:\/\/grow24.us\/?author=1"}]}},"_links":{"self":[{"href":"https:\/\/grow24.us\/index.php?rest_route=\/wp\/v2\/posts\/37161","targetHints":{"allow":["GET"]}}],"collection":[{"href":"https:\/\/grow24.us\/index.php?rest_route=\/wp\/v2\/posts"}],"about":[{"href":"https:\/\/grow24.us\/index.php?rest_route=\/wp\/v2\/types\/post"}],"author":[{"embeddable":true,"href":"https:\/\/grow24.us\/index.php?rest_route=\/wp\/v2\/users\/1"}],"replies":[{"embeddable":true,"href":"https:\/\/grow24.us\/index.php?rest_route=%2Fwp%2Fv2%2Fcomments&post=37161"}],"version-history":[{"count":1,"href":"https:\/\/grow24.us\/index.php?rest_route=\/wp\/v2\/posts\/37161\/revisions"}],"predecessor-version":[{"id":37163,"href":"https:\/\/grow24.us\/index.php?rest_route=\/wp\/v2\/posts\/37161\/revisions\/37163"}],"wp:featuredmedia":[{"embeddable":true,"href":"https:\/\/grow24.us\/index.php?rest_route=\/wp\/v2\/media\/37162"}],"wp:attachment":[{"href":"https:\/\/grow24.us\/index.php?rest_route=%2Fwp%2Fv2%2Fmedia&parent=37161"}],"wp:term":[{"taxonomy":"category","embeddable":true,"href":"https:\/\/grow24.us\/index.php?rest_route=%2Fwp%2Fv2%2Fcategories&post=37161"},{"taxonomy":"post_tag","embeddable":true,"href":"https:\/\/grow24.us\/index.php?rest_route=%2Fwp%2Fv2%2Ftags&post=37161"}],"curies":[{"name":"wp","href":"https:\/\/api.w.org\/{rel}","templated":true}]}}