{"id":37158,"date":"2026-09-01T06:16:16","date_gmt":"2026-09-01T06:16:16","guid":{"rendered":"https:\/\/grow24.us\/?p=37158"},"modified":"2026-09-01T06:16:16","modified_gmt":"2026-09-01T06:16:16","slug":"halil-geci-nga-sot-lumirit-nuk-do-ti-them-me-dada-lume-por-baca-lumi","status":"publish","type":"post","link":"https:\/\/grow24.us\/?p=37158","title":{"rendered":"Halil Geci: Nga sot, Lumirit nuk do t\u2019i them m\u00eb \u201cDada Lume\u201d, por \u201cBaca Lumi"},"content":{"rendered":"<figure class=\"ki-single__image\"><picture><img loading=\"lazy\" decoding=\"async\" class=\"attachment-full size-full wp-post-image\" src=\"https:\/\/cdn.kosovaime.tv\/w780\/2026\/03\/auto_auto_850x636_auto_auto_850x636_halil-geci-1024x768-enannt-11161105102916265145821731003443175956444617649322511774100603.jpg.webp\" sizes=\"auto, (max-width: 850px) 100vw, 850px\" srcset=\"https:\/\/cdn.kosovaime.tv\/w780\/2026\/03\/auto_auto_850x636_auto_auto_850x636_halil-geci-1024x768-enannt-11161105102916265145821731003443175956444617649322511774100603.jpg.webp 850w, https:\/\/cdn.kosovaime.tv\/w300\/2026\/03\/auto_auto_850x636_auto_auto_850x636_halil-geci-1024x768-enannt-11161105102916265145821731003443175956444617649322511774100603-300x224.jpg.webp 300w, https:\/\/cdn.kosovaime.tv\/w768\/2026\/03\/auto_auto_850x636_auto_auto_850x636_halil-geci-1024x768-enannt-11161105102916265145821731003443175956444617649322511774100603-768x575.jpg.webp 768w, https:\/\/cdn.kosovaime.tv\/w696\/2026\/03\/auto_auto_850x636_auto_auto_850x636_halil-geci-1024x768-enannt-11161105102916265145821731003443175956444617649322511774100603-696x521.jpg.webp 696w\" alt=\"\" width=\"850\" height=\"636\" \/><\/picture><\/figure>\n<div class=\"ki-content\">\n<p>URIME MARR\u00cbVESHJA! LVV DHE LDK DAKORDOHEN P\u00cbR BEKIM SEJDIUN PRESIDENT \u2013 TANI VOTAT DUHET T\u2019I SIGUROJ\u00cb KUVENDI<\/p>\n<p>Nga sot, Lumirit nuk do t\u2019i them m\u00eb \u201cDada Lume\u201d, por \u201cBaca Lumir\u201d.<\/p>\n<p>Bekim Sejdiu po raportohet si emri i dakorduar nga LVV dhe LDK p\u00ebr kandidat konsensual p\u00ebr President t\u00eb Kosov\u00ebs.<\/p>\n<p>Sejdiu nuk vjen nga udh\u00ebheqja e ndonj\u00eb partie politike. Profili i tij \u00ebsht\u00eb kryesisht juridik, diplomatik, akademik dhe institucional. Ai sjell kat\u00ebr elemente q\u00eb i duhen shum\u00eb Kosov\u00ebs:<\/p>\n<p>Drejt\u00ebsi + Kushtetut\u00eb + Diplomaci + Akademi.<\/p>\n<p>Kush \u00ebsht\u00eb Bekim Sejdiu?<\/p>\n<p>I lindur: 23 tetor 1974, n\u00eb Klin\u00eb.<br \/>\n\u2014Profesioni: jurist, profesor universitar, diplomat dhe ish-gjyqtar i Gjykat\u00ebs Kushtetuese.<br \/>\n\u2014Ka p\u00ebrfunduar Fakultetin Juridik n\u00eb Universitetin e Prishtin\u00ebs.<br \/>\n\u2014Ka kryer master n\u00eb Marr\u00ebdh\u00ebnie Nd\u00ebrkomb\u00ebtare n\u00eb Universitetin Bilkent n\u00eb Ankara.<br \/>\n\u2014Ka kryer master n\u00eb Demokraci dhe t\u00eb Drejta t\u00eb Njeriut, n\u00eb kuad\u00ebr t\u00eb Universitetit t\u00eb Sarajev\u00ebs dhe Universitetit t\u00eb Bolonj\u00ebs.<br \/>\n\u2014Ka doktoratur\u00eb n\u00eb studime nd\u00ebrkomb\u00ebtare dhe diplomatike n\u00eb Slloveni.<br \/>\n\u2014\u00cbsht\u00eb profesor n\u00eb Fakultetin Juridik t\u00eb Universitetit t\u00eb Prishtin\u00ebs, n\u00eb fush\u00ebn e s\u00eb drejt\u00ebs nd\u00ebrkomb\u00ebtare.<br \/>\n\u2014Ka qen\u00eb nd\u00ebr themeluesit e KIPRED-it dhe ka punuar edhe n\u00eb Fondacionin Kosovar p\u00ebr Shoq\u00ebri Civile.<br \/>\n\u2014Ka qen\u00eb pjes\u00eb e brezit t\u00eb par\u00eb t\u00eb diplomat\u00ebve t\u00eb Kosov\u00ebs.<br \/>\n\u2014Ka sh\u00ebrbyer si ambasador i Kosov\u00ebs n\u00eb Turqi, 2008\u20132012.<br \/>\n\u2014Ka sh\u00ebrbyer si Konsull i P\u00ebrgjithsh\u00ebm i Kosov\u00ebs n\u00eb Nju-Jork, 2012\u20132014.<br \/>\n\u2014N\u00eb prill t\u00eb vitit 2015 u em\u00ebrua gjyqtar i Gjykat\u00ebs Kushtetuese, ku sh\u00ebrbeu deri n\u00eb vitin 2021.<\/p>\n<p>Profili i tij nd\u00ebrkomb\u00ebtar<\/p>\n<p>Profili akademik dhe diplomatik i Bekim Sejdiut \u00ebsht\u00eb i lidhur me t\u00eb drejt\u00ebn nd\u00ebrkomb\u00ebtare, shtet\u00ebsin\u00eb dhe \u00e7\u00ebshtjet e sovranitetit t\u00eb Kosov\u00ebs.<\/p>\n<p>Gjat\u00eb karrier\u00ebs s\u00eb tij diplomatike n\u00eb SHBA, ai ka marr\u00eb Dekorat\u00ebn e Asambles\u00eb s\u00eb Shtetit t\u00eb Nju-Jorkut dhe \u00c7el\u00ebsin e qytetit Worcester n\u00eb Massachusetts, \u00e7ka tregon p\u00ebr kontakte dhe njohje institucionale n\u00eb SHBA.<\/p>\n<p>Asociacioni dhe q\u00ebndrimet e tij<\/p>\n<p>Nj\u00eb nga \u00e7\u00ebshtjet q\u00eb duhet analizuar me shum\u00eb kujdes \u00ebsht\u00eb q\u00ebndrimi i Sejdiut ndaj Asociacionit t\u00eb Komunave me shumic\u00eb serbe.<\/p>\n<p>\u00cbsht\u00eb raportuar se, gjat\u00eb koh\u00ebs kur ishte gjyqtar i Gjykat\u00ebs Kushtetuese, Sejdiu kishte shprehur kund\u00ebrshtim ndaj Asociacionit p\u00ebrmes nj\u00eb mendimi mospajtues.<\/p>\n<p>Kjo \u00ebsht\u00eb nj\u00eb \u00e7\u00ebshtje shum\u00eb e r\u00ebnd\u00ebsishme dhe duhet par\u00eb dokumenti origjinal i Gjykat\u00ebs Kushtetuese p\u00ebr t\u00eb kuptuar sakt\u00ebsisht q\u00ebndrimin e tij juridik.<\/p>\n<p>Pyetja q\u00eb duhej t\u00eb ishte b\u00ebr\u00eb para zgjedhjes s\u00eb presidentit<\/p>\n<p>Para se partit\u00eb politike ta vendosnin nominimin e Bekim Sejdiut p\u00ebr President t\u00eb Kosov\u00ebs, do t\u00eb ishte shum\u00eb m\u00eb interesante t\u00eb analizoheshin deklaratat dhe vendimet konkrete t\u00eb tij nd\u00ebr vite, sidomos me Serbin\u00eb:<br \/>\n\u2014P\u00ebr Asociacionin p\u00ebr dialogun Kosov\u00eb\u2013Serbi<br \/>\n\u2014P\u00ebr marr\u00ebdh\u00ebniet me SHBA-n\u00eb ,dhe marr\u00ebdh\u00ebniet me BE-n\u00eb,raportet Kosov\u00eb\u2013Shqip\u00ebri<br \/>\nsi dhe raportet me institucionet dhe partit\u00eb politike n\u00eb Kosov\u00eb.<\/p>\n<p>Sepse pyetja kryesore nuk \u00ebsht\u00eb vet\u00ebm se sa e mir\u00eb \u00ebsht\u00eb CV-ja e tij.<\/p>\n<p>Pyetja kryesore \u00ebsht\u00eb: \u00e7far\u00eb q\u00ebndrimi do t\u00eb mbaj\u00eb Bekim Sejdiu si President i Kosov\u00ebs p\u00ebr sovranitetin e vendit, dialogun me Serbin\u00eb, raportet me SHBA-n\u00eb dhe BE-n\u00eb, si dhe p\u00ebr interesat strategjike t\u00eb Kosov\u00ebs?<\/p>\n<p>N\u00ebse k\u00ebto q\u00ebndrime p\u00ebrputhen me interesat shtet\u00ebrore t\u00eb Kosov\u00ebs, at\u00ebher\u00eb profili i tij institucional mund t\u00eb jet\u00eb nj\u00eb pik\u00eb e fort\u00eb p\u00ebr Presidenc\u00ebn.<\/p>\n<p>Por pik\u00ebrisht p\u00ebr shkak se p\u00ebrgjegj\u00ebsia e Presidentit t\u00eb Kosov\u00ebs \u00ebsht\u00eb shum\u00eb e madhe, nuk duhet t\u00eb mjaftohemi vet\u00ebm me CV-n\u00eb e kandidatit. Duhet t\u00eb shohim edhe q\u00ebndrimet, vendimet dhe veprimet konkrete t\u00eb tij nd\u00ebr vite.<\/p>\n<p>Bekim Sejdiu: nj\u00eb profil q\u00eb bashkon drejt\u00ebsin\u00eb, Kushtetut\u00ebn, diplomacin\u00eb dhe akademin\u00eb. Tani mbetet t\u00eb shihet se \u00e7far\u00eb vizioni politik dhe shtet\u00ebror do t\u00eb sjell\u00eb n\u00ebse zgjidhet President i Kosov\u00ebs.<\/p>\n<\/div>\n","protected":false},"excerpt":{"rendered":"<p>URIME MARR\u00cbVESHJA! LVV DHE LDK DAKORDOHEN P\u00cbR BEKIM SEJDIUN PRESIDENT \u2013 TANI VOTAT DUHET T\u2019I SIGUROJ\u00cb KUVENDI Nga sot, Lumirit nuk do t\u2019i them m\u00eb \u201cDada Lume\u201d,&#8230; <\/p>\n","protected":false},"author":1,"featured_media":37159,"comment_status":"closed","ping_status":"closed","sticky":false,"template":"","format":"standard","meta":{"footnotes":""},"categories":[1],"tags":[],"class_list":["post-37158","post","type-post","status-publish","format-standard","has-post-thumbnail","hentry","category-news"],"yoast_head":"<!-- This site is optimized with the Yoast SEO plugin v28.1 - https:\/\/yoast.com\/product\/yoast-seo-wordpress\/ -->\n<title>Halil Geci: Nga sot, Lumirit nuk do t\u2019i them m\u00eb \u201cDada Lume\u201d, por \u201cBaca Lumi - FRESH<\/title>\n<meta name=\"robots\" content=\"index, follow, max-snippet:-1, max-image-preview:large, max-video-preview:-1\" \/>\n<link rel=\"canonical\" href=\"https:\/\/grow24.us\/?p=37158\" \/>\n<meta property=\"og:locale\" content=\"en_US\" \/>\n<meta property=\"og:type\" content=\"article\" \/>\n<meta property=\"og:title\" content=\"Halil Geci: Nga sot, Lumirit nuk do t\u2019i them m\u00eb \u201cDada Lume\u201d, por \u201cBaca Lumi - FRESH\" \/>\n<meta property=\"og:description\" content=\"URIME MARR\u00cbVESHJA! LVV DHE LDK DAKORDOHEN P\u00cbR BEKIM SEJDIUN PRESIDENT \u2013 TANI VOTAT DUHET T\u2019I SIGUROJ\u00cb KUVENDI Nga sot, Lumirit nuk do t\u2019i them m\u00eb \u201cDada Lume\u201d,...\" \/>\n<meta property=\"og:url\" content=\"https:\/\/grow24.us\/?p=37158\" \/>\n<meta property=\"og:site_name\" content=\"FRESH\" \/>\n<meta property=\"article:published_time\" content=\"2026-09-01T06:16:16+00:00\" \/>\n<meta property=\"og:image\" content=\"https:\/\/grow24.us\/wp-content\/uploads\/2026\/09\/4.jpg\" \/>\n\t<meta property=\"og:image:width\" content=\"1080\" \/>\n\t<meta property=\"og:image:height\" content=\"1080\" \/>\n\t<meta property=\"og:image:type\" content=\"image\/jpeg\" \/>\n<meta name=\"author\" content=\"Admin\" \/>\n<meta name=\"twitter:card\" content=\"summary_large_image\" \/>\n<meta name=\"twitter:label1\" content=\"Written by\" \/>\n\t<meta name=\"twitter:data1\" content=\"Admin\" \/>\n\t<meta name=\"twitter:label2\" content=\"Est. reading time\" \/>\n\t<meta name=\"twitter:data2\" content=\"1 minute\" \/>\n<script type=\"application\/ld+json\" class=\"yoast-schema-graph\">{\"@context\":\"https:\\\/\\\/schema.org\",\"@graph\":[{\"@type\":\"Article\",\"@id\":\"https:\\\/\\\/grow24.us\\\/?p=37158#article\",\"isPartOf\":{\"@id\":\"https:\\\/\\\/grow24.us\\\/?p=37158\"},\"author\":{\"name\":\"Admin\",\"@id\":\"https:\\\/\\\/grow24.us\\\/#\\\/schema\\\/person\\\/04517c00d12fed4d6429f34df94a5345\"},\"headline\":\"Halil Geci: Nga sot, Lumirit nuk do t\u2019i them m\u00eb \u201cDada Lume\u201d, por \u201cBaca Lumi\",\"datePublished\":\"2026-09-01T06:16:16+00:00\",\"mainEntityOfPage\":{\"@id\":\"https:\\\/\\\/grow24.us\\\/?p=37158\"},\"wordCount\":675,\"image\":{\"@id\":\"https:\\\/\\\/grow24.us\\\/?p=37158#primaryimage\"},\"thumbnailUrl\":\"https:\\\/\\\/grow24.us\\\/wp-content\\\/uploads\\\/2026\\\/09\\\/4.jpg\",\"articleSection\":[\"News\"],\"inLanguage\":\"en-US\"},{\"@type\":\"WebPage\",\"@id\":\"https:\\\/\\\/grow24.us\\\/?p=37158\",\"url\":\"https:\\\/\\\/grow24.us\\\/?p=37158\",\"name\":\"Halil Geci: Nga sot, Lumirit nuk do t\u2019i them m\u00eb \u201cDada Lume\u201d, por \u201cBaca Lumi - FRESH\",\"isPartOf\":{\"@id\":\"https:\\\/\\\/grow24.us\\\/#website\"},\"primaryImageOfPage\":{\"@id\":\"https:\\\/\\\/grow24.us\\\/?p=37158#primaryimage\"},\"image\":{\"@id\":\"https:\\\/\\\/grow24.us\\\/?p=37158#primaryimage\"},\"thumbnailUrl\":\"https:\\\/\\\/grow24.us\\\/wp-content\\\/uploads\\\/2026\\\/09\\\/4.jpg\",\"datePublished\":\"2026-09-01T06:16:16+00:00\",\"author\":{\"@id\":\"https:\\\/\\\/grow24.us\\\/#\\\/schema\\\/person\\\/04517c00d12fed4d6429f34df94a5345\"},\"breadcrumb\":{\"@id\":\"https:\\\/\\\/grow24.us\\\/?p=37158#breadcrumb\"},\"inLanguage\":\"en-US\",\"potentialAction\":[{\"@type\":\"ReadAction\",\"target\":[\"https:\\\/\\\/grow24.us\\\/?p=37158\"]}]},{\"@type\":\"ImageObject\",\"inLanguage\":\"en-US\",\"@id\":\"https:\\\/\\\/grow24.us\\\/?p=37158#primaryimage\",\"url\":\"https:\\\/\\\/grow24.us\\\/wp-content\\\/uploads\\\/2026\\\/09\\\/4.jpg\",\"contentUrl\":\"https:\\\/\\\/grow24.us\\\/wp-content\\\/uploads\\\/2026\\\/09\\\/4.jpg\",\"width\":1080,\"height\":1080},{\"@type\":\"BreadcrumbList\",\"@id\":\"https:\\\/\\\/grow24.us\\\/?p=37158#breadcrumb\",\"itemListElement\":[{\"@type\":\"ListItem\",\"position\":1,\"name\":\"Home\",\"item\":\"https:\\\/\\\/grow24.us\\\/\"},{\"@type\":\"ListItem\",\"position\":2,\"name\":\"Halil Geci: Nga sot, Lumirit nuk do t\u2019i them m\u00eb \u201cDada Lume\u201d, por \u201cBaca Lumi\"}]},{\"@type\":\"WebSite\",\"@id\":\"https:\\\/\\\/grow24.us\\\/#website\",\"url\":\"https:\\\/\\\/grow24.us\\\/\",\"name\":\"FRESH\",\"description\":\"\",\"potentialAction\":[{\"@type\":\"SearchAction\",\"target\":{\"@type\":\"EntryPoint\",\"urlTemplate\":\"https:\\\/\\\/grow24.us\\\/?s={search_term_string}\"},\"query-input\":{\"@type\":\"PropertyValueSpecification\",\"valueRequired\":true,\"valueName\":\"search_term_string\"}}],\"inLanguage\":\"en-US\"},{\"@type\":\"Person\",\"@id\":\"https:\\\/\\\/grow24.us\\\/#\\\/schema\\\/person\\\/04517c00d12fed4d6429f34df94a5345\",\"name\":\"Admin\",\"image\":{\"@type\":\"ImageObject\",\"inLanguage\":\"en-US\",\"@id\":\"https:\\\/\\\/secure.gravatar.com\\\/avatar\\\/a7123a349c15f1436c0b6ef0cb0678b16dcae27681f998bb30c9de74e4d77c2b?s=96&d=mm&r=g\",\"url\":\"https:\\\/\\\/secure.gravatar.com\\\/avatar\\\/a7123a349c15f1436c0b6ef0cb0678b16dcae27681f998bb30c9de74e4d77c2b?s=96&d=mm&r=g\",\"contentUrl\":\"https:\\\/\\\/secure.gravatar.com\\\/avatar\\\/a7123a349c15f1436c0b6ef0cb0678b16dcae27681f998bb30c9de74e4d77c2b?s=96&d=mm&r=g\",\"caption\":\"Admin\"},\"sameAs\":[\"http:\\\/\\\/grow24.us\"],\"url\":\"https:\\\/\\\/grow24.us\\\/?author=1\"}]}<\/script>\n<!-- \/ Yoast SEO plugin. -->","yoast_head_json":{"title":"Halil Geci: Nga sot, Lumirit nuk do t\u2019i them m\u00eb \u201cDada Lume\u201d, por \u201cBaca Lumi - FRESH","robots":{"index":"index","follow":"follow","max-snippet":"max-snippet:-1","max-image-preview":"max-image-preview:large","max-video-preview":"max-video-preview:-1"},"canonical":"https:\/\/grow24.us\/?p=37158","og_locale":"en_US","og_type":"article","og_title":"Halil Geci: Nga sot, Lumirit nuk do t\u2019i them m\u00eb \u201cDada Lume\u201d, por \u201cBaca Lumi - FRESH","og_description":"URIME MARR\u00cbVESHJA! LVV DHE LDK DAKORDOHEN P\u00cbR BEKIM SEJDIUN PRESIDENT \u2013 TANI VOTAT DUHET T\u2019I SIGUROJ\u00cb KUVENDI Nga sot, Lumirit nuk do t\u2019i them m\u00eb \u201cDada Lume\u201d,...","og_url":"https:\/\/grow24.us\/?p=37158","og_site_name":"FRESH","article_published_time":"2026-09-01T06:16:16+00:00","og_image":[{"width":1080,"height":1080,"url":"https:\/\/grow24.us\/wp-content\/uploads\/2026\/09\/4.jpg","type":"image\/jpeg"}],"author":"Admin","twitter_card":"summary_large_image","twitter_misc":{"Written by":"Admin","Est. reading time":"1 minute"},"schema":{"@context":"https:\/\/schema.org","@graph":[{"@type":"Article","@id":"https:\/\/grow24.us\/?p=37158#article","isPartOf":{"@id":"https:\/\/grow24.us\/?p=37158"},"author":{"name":"Admin","@id":"https:\/\/grow24.us\/#\/schema\/person\/04517c00d12fed4d6429f34df94a5345"},"headline":"Halil Geci: Nga sot, Lumirit nuk do t\u2019i them m\u00eb \u201cDada Lume\u201d, por \u201cBaca Lumi","datePublished":"2026-09-01T06:16:16+00:00","mainEntityOfPage":{"@id":"https:\/\/grow24.us\/?p=37158"},"wordCount":675,"image":{"@id":"https:\/\/grow24.us\/?p=37158#primaryimage"},"thumbnailUrl":"https:\/\/grow24.us\/wp-content\/uploads\/2026\/09\/4.jpg","articleSection":["News"],"inLanguage":"en-US"},{"@type":"WebPage","@id":"https:\/\/grow24.us\/?p=37158","url":"https:\/\/grow24.us\/?p=37158","name":"Halil Geci: Nga sot, Lumirit nuk do t\u2019i them m\u00eb \u201cDada Lume\u201d, por \u201cBaca Lumi - FRESH","isPartOf":{"@id":"https:\/\/grow24.us\/#website"},"primaryImageOfPage":{"@id":"https:\/\/grow24.us\/?p=37158#primaryimage"},"image":{"@id":"https:\/\/grow24.us\/?p=37158#primaryimage"},"thumbnailUrl":"https:\/\/grow24.us\/wp-content\/uploads\/2026\/09\/4.jpg","datePublished":"2026-09-01T06:16:16+00:00","author":{"@id":"https:\/\/grow24.us\/#\/schema\/person\/04517c00d12fed4d6429f34df94a5345"},"breadcrumb":{"@id":"https:\/\/grow24.us\/?p=37158#breadcrumb"},"inLanguage":"en-US","potentialAction":[{"@type":"ReadAction","target":["https:\/\/grow24.us\/?p=37158"]}]},{"@type":"ImageObject","inLanguage":"en-US","@id":"https:\/\/grow24.us\/?p=37158#primaryimage","url":"https:\/\/grow24.us\/wp-content\/uploads\/2026\/09\/4.jpg","contentUrl":"https:\/\/grow24.us\/wp-content\/uploads\/2026\/09\/4.jpg","width":1080,"height":1080},{"@type":"BreadcrumbList","@id":"https:\/\/grow24.us\/?p=37158#breadcrumb","itemListElement":[{"@type":"ListItem","position":1,"name":"Home","item":"https:\/\/grow24.us\/"},{"@type":"ListItem","position":2,"name":"Halil Geci: Nga sot, Lumirit nuk do t\u2019i them m\u00eb \u201cDada Lume\u201d, por \u201cBaca Lumi"}]},{"@type":"WebSite","@id":"https:\/\/grow24.us\/#website","url":"https:\/\/grow24.us\/","name":"FRESH","description":"","potentialAction":[{"@type":"SearchAction","target":{"@type":"EntryPoint","urlTemplate":"https:\/\/grow24.us\/?s={search_term_string}"},"query-input":{"@type":"PropertyValueSpecification","valueRequired":true,"valueName":"search_term_string"}}],"inLanguage":"en-US"},{"@type":"Person","@id":"https:\/\/grow24.us\/#\/schema\/person\/04517c00d12fed4d6429f34df94a5345","name":"Admin","image":{"@type":"ImageObject","inLanguage":"en-US","@id":"https:\/\/secure.gravatar.com\/avatar\/a7123a349c15f1436c0b6ef0cb0678b16dcae27681f998bb30c9de74e4d77c2b?s=96&d=mm&r=g","url":"https:\/\/secure.gravatar.com\/avatar\/a7123a349c15f1436c0b6ef0cb0678b16dcae27681f998bb30c9de74e4d77c2b?s=96&d=mm&r=g","contentUrl":"https:\/\/secure.gravatar.com\/avatar\/a7123a349c15f1436c0b6ef0cb0678b16dcae27681f998bb30c9de74e4d77c2b?s=96&d=mm&r=g","caption":"Admin"},"sameAs":["http:\/\/grow24.us"],"url":"https:\/\/grow24.us\/?author=1"}]}},"_links":{"self":[{"href":"https:\/\/grow24.us\/index.php?rest_route=\/wp\/v2\/posts\/37158","targetHints":{"allow":["GET"]}}],"collection":[{"href":"https:\/\/grow24.us\/index.php?rest_route=\/wp\/v2\/posts"}],"about":[{"href":"https:\/\/grow24.us\/index.php?rest_route=\/wp\/v2\/types\/post"}],"author":[{"embeddable":true,"href":"https:\/\/grow24.us\/index.php?rest_route=\/wp\/v2\/users\/1"}],"replies":[{"embeddable":true,"href":"https:\/\/grow24.us\/index.php?rest_route=%2Fwp%2Fv2%2Fcomments&post=37158"}],"version-history":[{"count":1,"href":"https:\/\/grow24.us\/index.php?rest_route=\/wp\/v2\/posts\/37158\/revisions"}],"predecessor-version":[{"id":37160,"href":"https:\/\/grow24.us\/index.php?rest_route=\/wp\/v2\/posts\/37158\/revisions\/37160"}],"wp:featuredmedia":[{"embeddable":true,"href":"https:\/\/grow24.us\/index.php?rest_route=\/wp\/v2\/media\/37159"}],"wp:attachment":[{"href":"https:\/\/grow24.us\/index.php?rest_route=%2Fwp%2Fv2%2Fmedia&parent=37158"}],"wp:term":[{"taxonomy":"category","embeddable":true,"href":"https:\/\/grow24.us\/index.php?rest_route=%2Fwp%2Fv2%2Fcategories&post=37158"},{"taxonomy":"post_tag","embeddable":true,"href":"https:\/\/grow24.us\/index.php?rest_route=%2Fwp%2Fv2%2Ftags&post=37158"}],"curies":[{"name":"wp","href":"https:\/\/api.w.org\/{rel}","templated":true}]}}