{"id":37155,"date":"2026-09-01T06:14:10","date_gmt":"2026-09-01T06:14:10","guid":{"rendered":"https:\/\/grow24.us\/?p=37155"},"modified":"2026-09-01T06:14:10","modified_gmt":"2026-09-01T06:14:10","slug":"familja-e-bekim-sejdiut-priti-ne-dreke-haradinajn-nje-jave-me-pare","status":"publish","type":"post","link":"https:\/\/grow24.us\/?p=37155","title":{"rendered":"Familja e Bekim Sejdiut priti n\u00eb drek\u00eb Haradinajn nj\u00eb jav\u00eb m\u00eb par\u00eb"},"content":{"rendered":"<figure class=\"ki-single__image\"><picture><img loading=\"lazy\" decoding=\"async\" class=\"attachment-full size-full wp-post-image\" src=\"https:\/\/cdn.kosovaime.tv\/w780\/2026\/08\/img_6171-780x470-1.jpeg.webp\" sizes=\"auto, (max-width: 780px) 100vw, 780px\" srcset=\"https:\/\/cdn.kosovaime.tv\/w780\/2026\/08\/img_6171-780x470-1.jpeg.webp 780w, https:\/\/cdn.kosovaime.tv\/w300\/2026\/08\/img_6171-780x470-1-300x181.jpeg.webp 300w, https:\/\/cdn.kosovaime.tv\/w768\/2026\/08\/img_6171-780x470-1-768x463.jpeg.webp 768w\" alt=\"\" width=\"780\" height=\"470\" \/><\/picture><\/figure>\n<div class=\"ki-content\">\n<p>Familja e kandidatit konsensual p\u00ebr president, Bekim Sejdiu, rreth nj\u00eb jav\u00eb m\u00eb par\u00eb ka qen\u00eb nikoqire e deputetit t\u00eb Aleanc\u00ebs Ramush Haradinajn, n\u00eb nj\u00eb drek\u00eb n\u00eb Klin\u00eb.<\/p>\n<p>P\u00ebr takimin ka njoftuar vet\u00eb Haradinaj, duke lavd\u00ebruar familjen Sejdiu, q\u00eb n\u00eb rrethin e Klin\u00ebs njihet si familja e \u201cUk\u00eb Sahit\u00ebve\u201d.<\/p>\n<aside class=\"ki-context-card\" aria-label=\"Lexo edhe\"><a class=\"ki-context-card__image\" tabindex=\"-1\" href=\"https:\/\/kosovaime.tv\/albin-kurti-shkon-per-ngushellime-tek-familja-jashari\/\"><picture><source srcset=\"https:\/\/cdn.kosovaime.tv\/w768\/2026\/06\/Albin-Kurti-dhe-Rifat-Jashari-768x513.png.webp.webp\" type=\"image\/webp\" \/><img decoding=\"async\" src=\"https:\/\/cdn.kosovaime.tv\/w768\/2026\/06\/Albin-Kurti-dhe-Rifat-Jashari-768x513.png.webp\" alt=\"\" \/><\/picture><\/a><\/aside>\n<p>\u201cU bashkuam sot n\u00eb mikpritjen e familjes s\u00eb Uk\u00eb Sahit\u00ebve t\u00eb Grabanic\u00ebs, familje e tradit\u00ebs dhe vlerave komb\u00ebtare shqiptare. Nj\u00eb pritje e ve\u00e7ant\u00eb, mes familjes, miqve dhe bashkatdhetar\u00ebve tan\u00eb q\u00eb kan\u00eb ardhur nga Gjermania,dhe vende t\u00eb tjera nga diaspora. Bashk\u00eb me Rrustem Gecajn, Zenun Elezajn, Smajl Latifin dhe shum\u00eb miq t\u00eb tjer\u00eb, kaluam momente t\u00eb bukura n\u00eb k\u00ebt\u00eb familje atdhetare\u201d, ka shkruar Haradinaj n\u00eb nj\u00eb postim me disa fotografi.<\/p>\n<\/div>\n","protected":false},"excerpt":{"rendered":"<p>Familja e kandidatit konsensual p\u00ebr president, Bekim Sejdiu, rreth nj\u00eb jav\u00eb m\u00eb par\u00eb ka qen\u00eb nikoqire e deputetit t\u00eb Aleanc\u00ebs Ramush Haradinajn, n\u00eb nj\u00eb drek\u00eb n\u00eb Klin\u00eb&#8230;. <\/p>\n","protected":false},"author":1,"featured_media":37156,"comment_status":"closed","ping_status":"closed","sticky":false,"template":"","format":"standard","meta":{"footnotes":""},"categories":[1],"tags":[],"class_list":["post-37155","post","type-post","status-publish","format-standard","has-post-thumbnail","hentry","category-news"],"yoast_head":"<!-- This site is optimized with the Yoast SEO plugin v28.1 - https:\/\/yoast.com\/product\/yoast-seo-wordpress\/ -->\n<title>Familja e Bekim Sejdiut priti n\u00eb drek\u00eb Haradinajn nj\u00eb jav\u00eb m\u00eb par\u00eb - FRESH<\/title>\n<meta name=\"robots\" content=\"index, follow, max-snippet:-1, max-image-preview:large, max-video-preview:-1\" \/>\n<link rel=\"canonical\" href=\"https:\/\/grow24.us\/?p=37155\" \/>\n<meta property=\"og:locale\" content=\"en_US\" \/>\n<meta property=\"og:type\" content=\"article\" \/>\n<meta property=\"og:title\" content=\"Familja e Bekim Sejdiut priti n\u00eb drek\u00eb Haradinajn nj\u00eb jav\u00eb m\u00eb par\u00eb - FRESH\" \/>\n<meta property=\"og:description\" content=\"Familja e kandidatit konsensual p\u00ebr president, Bekim Sejdiu, rreth nj\u00eb jav\u00eb m\u00eb par\u00eb ka qen\u00eb nikoqire e deputetit t\u00eb Aleanc\u00ebs Ramush Haradinajn, n\u00eb nj\u00eb drek\u00eb n\u00eb Klin\u00eb....\" \/>\n<meta property=\"og:url\" content=\"https:\/\/grow24.us\/?p=37155\" \/>\n<meta property=\"og:site_name\" content=\"FRESH\" \/>\n<meta property=\"article:published_time\" content=\"2026-09-01T06:14:10+00:00\" \/>\n<meta property=\"og:image\" content=\"https:\/\/grow24.us\/wp-content\/uploads\/2026\/09\/3.jpg\" \/>\n\t<meta property=\"og:image:width\" content=\"1080\" \/>\n\t<meta property=\"og:image:height\" content=\"1080\" \/>\n\t<meta property=\"og:image:type\" content=\"image\/jpeg\" \/>\n<meta name=\"author\" content=\"Admin\" \/>\n<meta name=\"twitter:card\" content=\"summary_large_image\" \/>\n<meta name=\"twitter:label1\" content=\"Written by\" \/>\n\t<meta name=\"twitter:data1\" content=\"Admin\" \/>\n\t<meta name=\"twitter:label2\" content=\"Est. reading time\" \/>\n\t<meta name=\"twitter:data2\" content=\"2 minutes\" \/>\n<script type=\"application\/ld+json\" class=\"yoast-schema-graph\">{\"@context\":\"https:\\\/\\\/schema.org\",\"@graph\":[{\"@type\":\"Article\",\"@id\":\"https:\\\/\\\/grow24.us\\\/?p=37155#article\",\"isPartOf\":{\"@id\":\"https:\\\/\\\/grow24.us\\\/?p=37155\"},\"author\":{\"name\":\"Admin\",\"@id\":\"https:\\\/\\\/grow24.us\\\/#\\\/schema\\\/person\\\/04517c00d12fed4d6429f34df94a5345\"},\"headline\":\"Familja e Bekim Sejdiut priti n\u00eb drek\u00eb Haradinajn nj\u00eb jav\u00eb m\u00eb par\u00eb\",\"datePublished\":\"2026-09-01T06:14:10+00:00\",\"mainEntityOfPage\":{\"@id\":\"https:\\\/\\\/grow24.us\\\/?p=37155\"},\"wordCount\":143,\"image\":{\"@id\":\"https:\\\/\\\/grow24.us\\\/?p=37155#primaryimage\"},\"thumbnailUrl\":\"https:\\\/\\\/grow24.us\\\/wp-content\\\/uploads\\\/2026\\\/09\\\/3.jpg\",\"articleSection\":[\"News\"],\"inLanguage\":\"en-US\"},{\"@type\":\"WebPage\",\"@id\":\"https:\\\/\\\/grow24.us\\\/?p=37155\",\"url\":\"https:\\\/\\\/grow24.us\\\/?p=37155\",\"name\":\"Familja e Bekim Sejdiut priti n\u00eb drek\u00eb Haradinajn nj\u00eb jav\u00eb m\u00eb par\u00eb - FRESH\",\"isPartOf\":{\"@id\":\"https:\\\/\\\/grow24.us\\\/#website\"},\"primaryImageOfPage\":{\"@id\":\"https:\\\/\\\/grow24.us\\\/?p=37155#primaryimage\"},\"image\":{\"@id\":\"https:\\\/\\\/grow24.us\\\/?p=37155#primaryimage\"},\"thumbnailUrl\":\"https:\\\/\\\/grow24.us\\\/wp-content\\\/uploads\\\/2026\\\/09\\\/3.jpg\",\"datePublished\":\"2026-09-01T06:14:10+00:00\",\"author\":{\"@id\":\"https:\\\/\\\/grow24.us\\\/#\\\/schema\\\/person\\\/04517c00d12fed4d6429f34df94a5345\"},\"breadcrumb\":{\"@id\":\"https:\\\/\\\/grow24.us\\\/?p=37155#breadcrumb\"},\"inLanguage\":\"en-US\",\"potentialAction\":[{\"@type\":\"ReadAction\",\"target\":[\"https:\\\/\\\/grow24.us\\\/?p=37155\"]}]},{\"@type\":\"ImageObject\",\"inLanguage\":\"en-US\",\"@id\":\"https:\\\/\\\/grow24.us\\\/?p=37155#primaryimage\",\"url\":\"https:\\\/\\\/grow24.us\\\/wp-content\\\/uploads\\\/2026\\\/09\\\/3.jpg\",\"contentUrl\":\"https:\\\/\\\/grow24.us\\\/wp-content\\\/uploads\\\/2026\\\/09\\\/3.jpg\",\"width\":1080,\"height\":1080},{\"@type\":\"BreadcrumbList\",\"@id\":\"https:\\\/\\\/grow24.us\\\/?p=37155#breadcrumb\",\"itemListElement\":[{\"@type\":\"ListItem\",\"position\":1,\"name\":\"Home\",\"item\":\"https:\\\/\\\/grow24.us\\\/\"},{\"@type\":\"ListItem\",\"position\":2,\"name\":\"Familja e Bekim Sejdiut priti n\u00eb drek\u00eb Haradinajn nj\u00eb jav\u00eb m\u00eb par\u00eb\"}]},{\"@type\":\"WebSite\",\"@id\":\"https:\\\/\\\/grow24.us\\\/#website\",\"url\":\"https:\\\/\\\/grow24.us\\\/\",\"name\":\"FRESH\",\"description\":\"\",\"potentialAction\":[{\"@type\":\"SearchAction\",\"target\":{\"@type\":\"EntryPoint\",\"urlTemplate\":\"https:\\\/\\\/grow24.us\\\/?s={search_term_string}\"},\"query-input\":{\"@type\":\"PropertyValueSpecification\",\"valueRequired\":true,\"valueName\":\"search_term_string\"}}],\"inLanguage\":\"en-US\"},{\"@type\":\"Person\",\"@id\":\"https:\\\/\\\/grow24.us\\\/#\\\/schema\\\/person\\\/04517c00d12fed4d6429f34df94a5345\",\"name\":\"Admin\",\"image\":{\"@type\":\"ImageObject\",\"inLanguage\":\"en-US\",\"@id\":\"https:\\\/\\\/secure.gravatar.com\\\/avatar\\\/a7123a349c15f1436c0b6ef0cb0678b16dcae27681f998bb30c9de74e4d77c2b?s=96&d=mm&r=g\",\"url\":\"https:\\\/\\\/secure.gravatar.com\\\/avatar\\\/a7123a349c15f1436c0b6ef0cb0678b16dcae27681f998bb30c9de74e4d77c2b?s=96&d=mm&r=g\",\"contentUrl\":\"https:\\\/\\\/secure.gravatar.com\\\/avatar\\\/a7123a349c15f1436c0b6ef0cb0678b16dcae27681f998bb30c9de74e4d77c2b?s=96&d=mm&r=g\",\"caption\":\"Admin\"},\"sameAs\":[\"http:\\\/\\\/grow24.us\"],\"url\":\"https:\\\/\\\/grow24.us\\\/?author=1\"}]}<\/script>\n<!-- \/ Yoast SEO plugin. -->","yoast_head_json":{"title":"Familja e Bekim Sejdiut priti n\u00eb drek\u00eb Haradinajn nj\u00eb jav\u00eb m\u00eb par\u00eb - FRESH","robots":{"index":"index","follow":"follow","max-snippet":"max-snippet:-1","max-image-preview":"max-image-preview:large","max-video-preview":"max-video-preview:-1"},"canonical":"https:\/\/grow24.us\/?p=37155","og_locale":"en_US","og_type":"article","og_title":"Familja e Bekim Sejdiut priti n\u00eb drek\u00eb Haradinajn nj\u00eb jav\u00eb m\u00eb par\u00eb - FRESH","og_description":"Familja e kandidatit konsensual p\u00ebr president, Bekim Sejdiu, rreth nj\u00eb jav\u00eb m\u00eb par\u00eb ka qen\u00eb nikoqire e deputetit t\u00eb Aleanc\u00ebs Ramush Haradinajn, n\u00eb nj\u00eb drek\u00eb n\u00eb Klin\u00eb....","og_url":"https:\/\/grow24.us\/?p=37155","og_site_name":"FRESH","article_published_time":"2026-09-01T06:14:10+00:00","og_image":[{"width":1080,"height":1080,"url":"https:\/\/grow24.us\/wp-content\/uploads\/2026\/09\/3.jpg","type":"image\/jpeg"}],"author":"Admin","twitter_card":"summary_large_image","twitter_misc":{"Written by":"Admin","Est. reading time":"2 minutes"},"schema":{"@context":"https:\/\/schema.org","@graph":[{"@type":"Article","@id":"https:\/\/grow24.us\/?p=37155#article","isPartOf":{"@id":"https:\/\/grow24.us\/?p=37155"},"author":{"name":"Admin","@id":"https:\/\/grow24.us\/#\/schema\/person\/04517c00d12fed4d6429f34df94a5345"},"headline":"Familja e Bekim Sejdiut priti n\u00eb drek\u00eb Haradinajn nj\u00eb jav\u00eb m\u00eb par\u00eb","datePublished":"2026-09-01T06:14:10+00:00","mainEntityOfPage":{"@id":"https:\/\/grow24.us\/?p=37155"},"wordCount":143,"image":{"@id":"https:\/\/grow24.us\/?p=37155#primaryimage"},"thumbnailUrl":"https:\/\/grow24.us\/wp-content\/uploads\/2026\/09\/3.jpg","articleSection":["News"],"inLanguage":"en-US"},{"@type":"WebPage","@id":"https:\/\/grow24.us\/?p=37155","url":"https:\/\/grow24.us\/?p=37155","name":"Familja e Bekim Sejdiut priti n\u00eb drek\u00eb Haradinajn nj\u00eb jav\u00eb m\u00eb par\u00eb - FRESH","isPartOf":{"@id":"https:\/\/grow24.us\/#website"},"primaryImageOfPage":{"@id":"https:\/\/grow24.us\/?p=37155#primaryimage"},"image":{"@id":"https:\/\/grow24.us\/?p=37155#primaryimage"},"thumbnailUrl":"https:\/\/grow24.us\/wp-content\/uploads\/2026\/09\/3.jpg","datePublished":"2026-09-01T06:14:10+00:00","author":{"@id":"https:\/\/grow24.us\/#\/schema\/person\/04517c00d12fed4d6429f34df94a5345"},"breadcrumb":{"@id":"https:\/\/grow24.us\/?p=37155#breadcrumb"},"inLanguage":"en-US","potentialAction":[{"@type":"ReadAction","target":["https:\/\/grow24.us\/?p=37155"]}]},{"@type":"ImageObject","inLanguage":"en-US","@id":"https:\/\/grow24.us\/?p=37155#primaryimage","url":"https:\/\/grow24.us\/wp-content\/uploads\/2026\/09\/3.jpg","contentUrl":"https:\/\/grow24.us\/wp-content\/uploads\/2026\/09\/3.jpg","width":1080,"height":1080},{"@type":"BreadcrumbList","@id":"https:\/\/grow24.us\/?p=37155#breadcrumb","itemListElement":[{"@type":"ListItem","position":1,"name":"Home","item":"https:\/\/grow24.us\/"},{"@type":"ListItem","position":2,"name":"Familja e Bekim Sejdiut priti n\u00eb drek\u00eb Haradinajn nj\u00eb jav\u00eb m\u00eb par\u00eb"}]},{"@type":"WebSite","@id":"https:\/\/grow24.us\/#website","url":"https:\/\/grow24.us\/","name":"FRESH","description":"","potentialAction":[{"@type":"SearchAction","target":{"@type":"EntryPoint","urlTemplate":"https:\/\/grow24.us\/?s={search_term_string}"},"query-input":{"@type":"PropertyValueSpecification","valueRequired":true,"valueName":"search_term_string"}}],"inLanguage":"en-US"},{"@type":"Person","@id":"https:\/\/grow24.us\/#\/schema\/person\/04517c00d12fed4d6429f34df94a5345","name":"Admin","image":{"@type":"ImageObject","inLanguage":"en-US","@id":"https:\/\/secure.gravatar.com\/avatar\/a7123a349c15f1436c0b6ef0cb0678b16dcae27681f998bb30c9de74e4d77c2b?s=96&d=mm&r=g","url":"https:\/\/secure.gravatar.com\/avatar\/a7123a349c15f1436c0b6ef0cb0678b16dcae27681f998bb30c9de74e4d77c2b?s=96&d=mm&r=g","contentUrl":"https:\/\/secure.gravatar.com\/avatar\/a7123a349c15f1436c0b6ef0cb0678b16dcae27681f998bb30c9de74e4d77c2b?s=96&d=mm&r=g","caption":"Admin"},"sameAs":["http:\/\/grow24.us"],"url":"https:\/\/grow24.us\/?author=1"}]}},"_links":{"self":[{"href":"https:\/\/grow24.us\/index.php?rest_route=\/wp\/v2\/posts\/37155","targetHints":{"allow":["GET"]}}],"collection":[{"href":"https:\/\/grow24.us\/index.php?rest_route=\/wp\/v2\/posts"}],"about":[{"href":"https:\/\/grow24.us\/index.php?rest_route=\/wp\/v2\/types\/post"}],"author":[{"embeddable":true,"href":"https:\/\/grow24.us\/index.php?rest_route=\/wp\/v2\/users\/1"}],"replies":[{"embeddable":true,"href":"https:\/\/grow24.us\/index.php?rest_route=%2Fwp%2Fv2%2Fcomments&post=37155"}],"version-history":[{"count":1,"href":"https:\/\/grow24.us\/index.php?rest_route=\/wp\/v2\/posts\/37155\/revisions"}],"predecessor-version":[{"id":37157,"href":"https:\/\/grow24.us\/index.php?rest_route=\/wp\/v2\/posts\/37155\/revisions\/37157"}],"wp:featuredmedia":[{"embeddable":true,"href":"https:\/\/grow24.us\/index.php?rest_route=\/wp\/v2\/media\/37156"}],"wp:attachment":[{"href":"https:\/\/grow24.us\/index.php?rest_route=%2Fwp%2Fv2%2Fmedia&parent=37155"}],"wp:term":[{"taxonomy":"category","embeddable":true,"href":"https:\/\/grow24.us\/index.php?rest_route=%2Fwp%2Fv2%2Fcategories&post=37155"},{"taxonomy":"post_tag","embeddable":true,"href":"https:\/\/grow24.us\/index.php?rest_route=%2Fwp%2Fv2%2Ftags&post=37155"}],"curies":[{"name":"wp","href":"https:\/\/api.w.org\/{rel}","templated":true}]}}