{"id":37152,"date":"2026-09-01T06:11:51","date_gmt":"2026-09-01T06:11:51","guid":{"rendered":"https:\/\/grow24.us\/?p=37152"},"modified":"2026-09-01T06:11:51","modified_gmt":"2026-09-01T06:11:51","slug":"mekuli-ata-qe-e-duan-kosoven-te-percare-nuk-i-gezohen-marreveshjes","status":"publish","type":"post","link":"https:\/\/grow24.us\/?p=37152","title":{"rendered":"Mekuli: Ata q\u00eb e duan Kosov\u00ebn t\u00eb p\u00ebr\u00e7ar\u00eb nuk i g\u00ebzohen marr\u00ebveshjes"},"content":{"rendered":"<header class=\"ki-single__header\">\n<h1>Mekuli: Ata q\u00eb e duan Kosov\u00ebn t\u00eb p\u00ebr\u00e7ar\u00eb nuk i g\u00ebzohen marr\u00ebveshjes<\/h1>\n<\/header>\n<figure class=\"ki-single__image\"><img loading=\"lazy\" decoding=\"async\" class=\"attachment-full size-full wp-post-image\" src=\"https:\/\/cdn.kosovaime.tv\/w780\/2026\/08\/gezim-mekuli-730x44017569622731786378959-1.webp.webp\" sizes=\"auto, (max-width: 851px) 100vw, 851px\" srcset=\"https:\/\/cdn.kosovaime.tv\/w780\/2026\/08\/gezim-mekuli-730x44017569622731786378959-1.webp.webp 851w, https:\/\/cdn.kosovaime.tv\/w300\/2026\/08\/gezim-mekuli-730x44017569622731786378959-1-300x181.webp.webp 300w, https:\/\/cdn.kosovaime.tv\/w768\/2026\/08\/gezim-mekuli-730x44017569622731786378959-1-768x463.webp.webp 768w\" alt=\"\" width=\"851\" height=\"513\" \/><\/figure>\n<div class=\"ki-content\">\n<p>Gazetari dhe analisti G\u00ebzim Mekuli ka reaguar lidhur me marr\u00ebveshjen p\u00ebr nj\u00eb em\u00ebr t\u00eb p\u00ebrbashk\u00ebt p\u00ebr Presidentin e Kosov\u00ebs, duke e cil\u00ebsuar at\u00eb si nj\u00eb zhvillim pozitiv p\u00ebr vendin dhe institucionet.<\/p>\n<p>N\u00eb nj\u00eb reagim t\u00eb tij, Mekuli shprehet se pas nj\u00eb periudhe t\u00eb gjat\u00eb p\u00ebr\u00e7arjesh politike, arritja e nj\u00eb marr\u00ebveshjeje p\u00ebr nj\u00eb \u00e7\u00ebshtje kaq t\u00eb r\u00ebnd\u00ebsishme shtet\u00ebrore duhet t\u00eb mir\u00ebpritet nga t\u00eb gjith\u00eb.<\/p>\n<aside class=\"ki-managed-ad ki-managed-ad--paragraph-1\" data-ad-placement=\"paragraph-1\">\n<div class=\"ki-managed-ad__label\" aria-hidden=\"true\">&#8211; Advertisement &#8211;<\/div>\n<\/aside>\n<p>Ai thekson se nga nj\u00eb marr\u00ebveshje e till\u00eb, sipas tij, p\u00ebrfitojn\u00eb institucionet, qytetar\u00ebt dhe vet\u00eb Kosova.<\/p>\n<p>Mekuli ka kritikuar nd\u00ebrkoh\u00eb ata q\u00eb, sipas tij, e kan\u00eb par\u00eb Kosoven si hap\u00ebsir\u00eb p\u00ebr interesa personale dhe politike, duke p\u00ebrmendur edhe qarqe politike e mediatike q\u00eb, n\u00eb vler\u00ebsimin e tij, ushqehen me konflikt, zhurm\u00eb dhe p\u00ebr\u00e7arje.<\/p>\n<aside class=\"ki-context-card\" aria-label=\"Lexo edhe\"><a class=\"ki-context-card__image\" tabindex=\"-1\" href=\"https:\/\/kosovaime.tv\/bushati-kritikon-zelenskyn-mund-te-kishte-vleresuar-me-shume-kosoven-e-cila-qendroi-fuqishem-krah-ukraines\/\"><picture><source srcset=\"https:\/\/cdn.kosovaime.tv\/w768\/2026\/08\/ditmir-bushati-780x470-1-768x463.jpg.webp.webp\" type=\"image\/webp\" \/><img decoding=\"async\" src=\"https:\/\/cdn.kosovaime.tv\/w768\/2026\/08\/ditmir-bushati-780x470-1-768x463.jpg.webp\" alt=\"\" \/><\/picture><\/a><\/aside>\n<p>Bekimi bekon Kosov\u00ebn; Nj\u00eb lajm q\u00eb duhet ta g\u00ebzoj\u00eb Kosov\u00ebn<\/p>\n<p>Marr\u00ebveshja p\u00ebr nj\u00eb em\u00ebr t\u00eb p\u00ebrbashk\u00ebt p\u00ebr Presidentin e Kosov\u00ebs \u00ebsht\u00eb lajm i mir\u00eb p\u00ebr Republik\u00ebn ton\u00eb. Dhe lajmit t\u00eb mir\u00eb, sidomos kur vjen pas nj\u00eb kohe t\u00eb gjat\u00eb p\u00ebr\u00e7arjesh politike, duhet t\u2019i g\u00ebzohen t\u00eb gjith\u00eb shqiptar\u00ebt, n\u00eb Kosov\u00eb dhe jasht\u00eb saj.<\/p>\n<p>Ky \u00ebsht\u00eb nj\u00eb lajm q\u00eb nuk i g\u00ebzon vet\u00ebm ata q\u00eb e duan Kosov\u00ebn t\u00eb dob\u00ebt, t\u00eb p\u00ebr\u00e7ar\u00eb e t\u00eb pafuqishme; Natyrisht, nuk i g\u00ebzohet \u201cmiku Vu\u00e7iq\u201d k\u00ebtij lajmi. Qebesa nuk i g\u00ebzohen k\u00ebtij lajmi as rrymat destruktive politike dhe mediatike; Nuk i g\u00ebzohen ata q\u00eb Kosov\u00ebn e kan\u00eb par\u00eb si pazar e si BitCoin p\u00ebr interesa personale.<\/p>\n<p>T\u00eb dashur lexues,<\/p>\n<p>Urologu: Armiku num\u00ebr 1 i prostatitit! Burrat duhet ta lexojn\u00eb patjet\u00ebr!<\/p>\n<p>Bukuria dhe sh\u00ebndeti<\/p>\n<p>Ndoshta, ka mund\u00ebsi e b\u00ebn\u00eb vaki, s\u00eb k\u00ebtij lajmi nuk i g\u00ebzohet as nj\u00eb pjes\u00eb e opozit\u00ebs s\u00eb Prishtin\u00ebs; Ndoshta, ka mund\u00ebsi e b\u00ebn\u00eb vaki, as disa analist\u00eb e media q\u00eb jan\u00eb m\u00ebsuar ta ushqejn\u00eb publikun me konflikt, zhurm\u00eb, sharje, ofendime, frik\u00eb e p\u00ebr\u00e7arje, nuk i g\u00ebzohen k\u00ebtij lajmi t\u00eb mir\u00eb. E aq m\u00eb pak nuk i g\u00ebzohen hiq k\u00ebtij lajmi ata q\u00eb, si\u00e7 pretendohet, kan\u00eb pasur lidhje t\u00eb fshehta e interesa me qarqe t\u00eb BIA-s serbe e t\u00eb dreqit.<\/p>\n<p>Por populli i Kosov\u00ebs duhet t\u2019i g\u00ebzohet fort k\u00ebtij haberi. Sepse kur dy forca politike arrijn\u00eb marr\u00ebveshje p\u00ebr nj\u00eb \u00e7\u00ebshtje kaq t\u00eb r\u00ebnd\u00ebsishme shtet\u00ebrore, fitojn\u00eb institucionet, fiton populli, shqiptar\u00ebt dhe fiton Kosova.<\/p>\n<p>Konsekuent deri n\u00eb pik\u00eb t\u00eb fundit; Kosova jon\u00eb e vock\u00ebl nuk ka nevoj\u00eb p\u00ebr m\u00eb shum\u00eb inate, BLLOKADA dhe armiq\u00ebsi; Kosova jon\u00eb e madhe, e madhe sa krejt bota, ka lazem p\u00ebr marr\u00ebveshje dhe \u201ckap\u00ebrcime t\u00eb rubikonit\u201d kur ato marr\u00ebveshje i sh\u00ebrbejn\u00eb kombit shqiptar, popullit, (pa dallim etnie, kulture, gjinie, statusi social a p\u00ebrkat\u00ebsie fetare), pra Kosov\u00ebs.<\/p>\n<p>Sot duhet t\u00eb g\u00ebzohemi p\u00ebr Kosov\u00ebn; Krejt e t\u00eb gjith\u00eb!<\/p>\n<\/div>\n","protected":false},"excerpt":{"rendered":"<p>Mekuli: Ata q\u00eb e duan Kosov\u00ebn t\u00eb p\u00ebr\u00e7ar\u00eb nuk i g\u00ebzohen marr\u00ebveshjes Gazetari dhe analisti G\u00ebzim Mekuli ka reaguar lidhur me marr\u00ebveshjen p\u00ebr nj\u00eb em\u00ebr t\u00eb p\u00ebrbashk\u00ebt&#8230; <\/p>\n","protected":false},"author":1,"featured_media":37153,"comment_status":"closed","ping_status":"closed","sticky":false,"template":"","format":"standard","meta":{"footnotes":""},"categories":[1],"tags":[],"class_list":["post-37152","post","type-post","status-publish","format-standard","has-post-thumbnail","hentry","category-news"],"yoast_head":"<!-- This site is optimized with the Yoast SEO plugin v28.1 - https:\/\/yoast.com\/product\/yoast-seo-wordpress\/ -->\n<title>Mekuli: Ata q\u00eb e duan Kosov\u00ebn t\u00eb p\u00ebr\u00e7ar\u00eb nuk i g\u00ebzohen marr\u00ebveshjes - FRESH<\/title>\n<meta name=\"robots\" content=\"index, follow, max-snippet:-1, max-image-preview:large, max-video-preview:-1\" \/>\n<link rel=\"canonical\" href=\"https:\/\/grow24.us\/?p=37152\" \/>\n<meta property=\"og:locale\" content=\"en_US\" \/>\n<meta property=\"og:type\" content=\"article\" \/>\n<meta property=\"og:title\" content=\"Mekuli: Ata q\u00eb e duan Kosov\u00ebn t\u00eb p\u00ebr\u00e7ar\u00eb nuk i g\u00ebzohen marr\u00ebveshjes - FRESH\" \/>\n<meta property=\"og:description\" content=\"Mekuli: Ata q\u00eb e duan Kosov\u00ebn t\u00eb p\u00ebr\u00e7ar\u00eb nuk i g\u00ebzohen marr\u00ebveshjes Gazetari dhe analisti G\u00ebzim Mekuli ka reaguar lidhur me marr\u00ebveshjen p\u00ebr nj\u00eb em\u00ebr t\u00eb p\u00ebrbashk\u00ebt...\" \/>\n<meta property=\"og:url\" content=\"https:\/\/grow24.us\/?p=37152\" \/>\n<meta property=\"og:site_name\" content=\"FRESH\" \/>\n<meta property=\"article:published_time\" content=\"2026-09-01T06:11:51+00:00\" \/>\n<meta property=\"og:image\" content=\"https:\/\/grow24.us\/wp-content\/uploads\/2026\/09\/2.jpg\" \/>\n\t<meta property=\"og:image:width\" content=\"1080\" \/>\n\t<meta property=\"og:image:height\" content=\"1080\" \/>\n\t<meta property=\"og:image:type\" content=\"image\/jpeg\" \/>\n<meta name=\"author\" content=\"Admin\" \/>\n<meta name=\"twitter:card\" content=\"summary_large_image\" \/>\n<meta name=\"twitter:label1\" content=\"Written by\" \/>\n\t<meta name=\"twitter:data1\" content=\"Admin\" \/>\n\t<meta name=\"twitter:label2\" content=\"Est. reading time\" \/>\n\t<meta name=\"twitter:data2\" content=\"3 minutes\" \/>\n<script type=\"application\/ld+json\" class=\"yoast-schema-graph\">{\"@context\":\"https:\\\/\\\/schema.org\",\"@graph\":[{\"@type\":\"Article\",\"@id\":\"https:\\\/\\\/grow24.us\\\/?p=37152#article\",\"isPartOf\":{\"@id\":\"https:\\\/\\\/grow24.us\\\/?p=37152\"},\"author\":{\"name\":\"Admin\",\"@id\":\"https:\\\/\\\/grow24.us\\\/#\\\/schema\\\/person\\\/04517c00d12fed4d6429f34df94a5345\"},\"headline\":\"Mekuli: Ata q\u00eb e duan Kosov\u00ebn t\u00eb p\u00ebr\u00e7ar\u00eb nuk i g\u00ebzohen marr\u00ebveshjes\",\"datePublished\":\"2026-09-01T06:11:51+00:00\",\"mainEntityOfPage\":{\"@id\":\"https:\\\/\\\/grow24.us\\\/?p=37152\"},\"wordCount\":559,\"image\":{\"@id\":\"https:\\\/\\\/grow24.us\\\/?p=37152#primaryimage\"},\"thumbnailUrl\":\"https:\\\/\\\/grow24.us\\\/wp-content\\\/uploads\\\/2026\\\/09\\\/2.jpg\",\"articleSection\":[\"News\"],\"inLanguage\":\"en-US\"},{\"@type\":\"WebPage\",\"@id\":\"https:\\\/\\\/grow24.us\\\/?p=37152\",\"url\":\"https:\\\/\\\/grow24.us\\\/?p=37152\",\"name\":\"Mekuli: Ata q\u00eb e duan Kosov\u00ebn t\u00eb p\u00ebr\u00e7ar\u00eb nuk i g\u00ebzohen marr\u00ebveshjes - FRESH\",\"isPartOf\":{\"@id\":\"https:\\\/\\\/grow24.us\\\/#website\"},\"primaryImageOfPage\":{\"@id\":\"https:\\\/\\\/grow24.us\\\/?p=37152#primaryimage\"},\"image\":{\"@id\":\"https:\\\/\\\/grow24.us\\\/?p=37152#primaryimage\"},\"thumbnailUrl\":\"https:\\\/\\\/grow24.us\\\/wp-content\\\/uploads\\\/2026\\\/09\\\/2.jpg\",\"datePublished\":\"2026-09-01T06:11:51+00:00\",\"author\":{\"@id\":\"https:\\\/\\\/grow24.us\\\/#\\\/schema\\\/person\\\/04517c00d12fed4d6429f34df94a5345\"},\"breadcrumb\":{\"@id\":\"https:\\\/\\\/grow24.us\\\/?p=37152#breadcrumb\"},\"inLanguage\":\"en-US\",\"potentialAction\":[{\"@type\":\"ReadAction\",\"target\":[\"https:\\\/\\\/grow24.us\\\/?p=37152\"]}]},{\"@type\":\"ImageObject\",\"inLanguage\":\"en-US\",\"@id\":\"https:\\\/\\\/grow24.us\\\/?p=37152#primaryimage\",\"url\":\"https:\\\/\\\/grow24.us\\\/wp-content\\\/uploads\\\/2026\\\/09\\\/2.jpg\",\"contentUrl\":\"https:\\\/\\\/grow24.us\\\/wp-content\\\/uploads\\\/2026\\\/09\\\/2.jpg\",\"width\":1080,\"height\":1080},{\"@type\":\"BreadcrumbList\",\"@id\":\"https:\\\/\\\/grow24.us\\\/?p=37152#breadcrumb\",\"itemListElement\":[{\"@type\":\"ListItem\",\"position\":1,\"name\":\"Home\",\"item\":\"https:\\\/\\\/grow24.us\\\/\"},{\"@type\":\"ListItem\",\"position\":2,\"name\":\"Mekuli: Ata q\u00eb e duan Kosov\u00ebn t\u00eb p\u00ebr\u00e7ar\u00eb nuk i g\u00ebzohen marr\u00ebveshjes\"}]},{\"@type\":\"WebSite\",\"@id\":\"https:\\\/\\\/grow24.us\\\/#website\",\"url\":\"https:\\\/\\\/grow24.us\\\/\",\"name\":\"FRESH\",\"description\":\"\",\"potentialAction\":[{\"@type\":\"SearchAction\",\"target\":{\"@type\":\"EntryPoint\",\"urlTemplate\":\"https:\\\/\\\/grow24.us\\\/?s={search_term_string}\"},\"query-input\":{\"@type\":\"PropertyValueSpecification\",\"valueRequired\":true,\"valueName\":\"search_term_string\"}}],\"inLanguage\":\"en-US\"},{\"@type\":\"Person\",\"@id\":\"https:\\\/\\\/grow24.us\\\/#\\\/schema\\\/person\\\/04517c00d12fed4d6429f34df94a5345\",\"name\":\"Admin\",\"image\":{\"@type\":\"ImageObject\",\"inLanguage\":\"en-US\",\"@id\":\"https:\\\/\\\/secure.gravatar.com\\\/avatar\\\/a7123a349c15f1436c0b6ef0cb0678b16dcae27681f998bb30c9de74e4d77c2b?s=96&d=mm&r=g\",\"url\":\"https:\\\/\\\/secure.gravatar.com\\\/avatar\\\/a7123a349c15f1436c0b6ef0cb0678b16dcae27681f998bb30c9de74e4d77c2b?s=96&d=mm&r=g\",\"contentUrl\":\"https:\\\/\\\/secure.gravatar.com\\\/avatar\\\/a7123a349c15f1436c0b6ef0cb0678b16dcae27681f998bb30c9de74e4d77c2b?s=96&d=mm&r=g\",\"caption\":\"Admin\"},\"sameAs\":[\"http:\\\/\\\/grow24.us\"],\"url\":\"https:\\\/\\\/grow24.us\\\/?author=1\"}]}<\/script>\n<!-- \/ Yoast SEO plugin. -->","yoast_head_json":{"title":"Mekuli: Ata q\u00eb e duan Kosov\u00ebn t\u00eb p\u00ebr\u00e7ar\u00eb nuk i g\u00ebzohen marr\u00ebveshjes - FRESH","robots":{"index":"index","follow":"follow","max-snippet":"max-snippet:-1","max-image-preview":"max-image-preview:large","max-video-preview":"max-video-preview:-1"},"canonical":"https:\/\/grow24.us\/?p=37152","og_locale":"en_US","og_type":"article","og_title":"Mekuli: Ata q\u00eb e duan Kosov\u00ebn t\u00eb p\u00ebr\u00e7ar\u00eb nuk i g\u00ebzohen marr\u00ebveshjes - FRESH","og_description":"Mekuli: Ata q\u00eb e duan Kosov\u00ebn t\u00eb p\u00ebr\u00e7ar\u00eb nuk i g\u00ebzohen marr\u00ebveshjes Gazetari dhe analisti G\u00ebzim Mekuli ka reaguar lidhur me marr\u00ebveshjen p\u00ebr nj\u00eb em\u00ebr t\u00eb p\u00ebrbashk\u00ebt...","og_url":"https:\/\/grow24.us\/?p=37152","og_site_name":"FRESH","article_published_time":"2026-09-01T06:11:51+00:00","og_image":[{"width":1080,"height":1080,"url":"https:\/\/grow24.us\/wp-content\/uploads\/2026\/09\/2.jpg","type":"image\/jpeg"}],"author":"Admin","twitter_card":"summary_large_image","twitter_misc":{"Written by":"Admin","Est. reading time":"3 minutes"},"schema":{"@context":"https:\/\/schema.org","@graph":[{"@type":"Article","@id":"https:\/\/grow24.us\/?p=37152#article","isPartOf":{"@id":"https:\/\/grow24.us\/?p=37152"},"author":{"name":"Admin","@id":"https:\/\/grow24.us\/#\/schema\/person\/04517c00d12fed4d6429f34df94a5345"},"headline":"Mekuli: Ata q\u00eb e duan Kosov\u00ebn t\u00eb p\u00ebr\u00e7ar\u00eb nuk i g\u00ebzohen marr\u00ebveshjes","datePublished":"2026-09-01T06:11:51+00:00","mainEntityOfPage":{"@id":"https:\/\/grow24.us\/?p=37152"},"wordCount":559,"image":{"@id":"https:\/\/grow24.us\/?p=37152#primaryimage"},"thumbnailUrl":"https:\/\/grow24.us\/wp-content\/uploads\/2026\/09\/2.jpg","articleSection":["News"],"inLanguage":"en-US"},{"@type":"WebPage","@id":"https:\/\/grow24.us\/?p=37152","url":"https:\/\/grow24.us\/?p=37152","name":"Mekuli: Ata q\u00eb e duan Kosov\u00ebn t\u00eb p\u00ebr\u00e7ar\u00eb nuk i g\u00ebzohen marr\u00ebveshjes - FRESH","isPartOf":{"@id":"https:\/\/grow24.us\/#website"},"primaryImageOfPage":{"@id":"https:\/\/grow24.us\/?p=37152#primaryimage"},"image":{"@id":"https:\/\/grow24.us\/?p=37152#primaryimage"},"thumbnailUrl":"https:\/\/grow24.us\/wp-content\/uploads\/2026\/09\/2.jpg","datePublished":"2026-09-01T06:11:51+00:00","author":{"@id":"https:\/\/grow24.us\/#\/schema\/person\/04517c00d12fed4d6429f34df94a5345"},"breadcrumb":{"@id":"https:\/\/grow24.us\/?p=37152#breadcrumb"},"inLanguage":"en-US","potentialAction":[{"@type":"ReadAction","target":["https:\/\/grow24.us\/?p=37152"]}]},{"@type":"ImageObject","inLanguage":"en-US","@id":"https:\/\/grow24.us\/?p=37152#primaryimage","url":"https:\/\/grow24.us\/wp-content\/uploads\/2026\/09\/2.jpg","contentUrl":"https:\/\/grow24.us\/wp-content\/uploads\/2026\/09\/2.jpg","width":1080,"height":1080},{"@type":"BreadcrumbList","@id":"https:\/\/grow24.us\/?p=37152#breadcrumb","itemListElement":[{"@type":"ListItem","position":1,"name":"Home","item":"https:\/\/grow24.us\/"},{"@type":"ListItem","position":2,"name":"Mekuli: Ata q\u00eb e duan Kosov\u00ebn t\u00eb p\u00ebr\u00e7ar\u00eb nuk i g\u00ebzohen marr\u00ebveshjes"}]},{"@type":"WebSite","@id":"https:\/\/grow24.us\/#website","url":"https:\/\/grow24.us\/","name":"FRESH","description":"","potentialAction":[{"@type":"SearchAction","target":{"@type":"EntryPoint","urlTemplate":"https:\/\/grow24.us\/?s={search_term_string}"},"query-input":{"@type":"PropertyValueSpecification","valueRequired":true,"valueName":"search_term_string"}}],"inLanguage":"en-US"},{"@type":"Person","@id":"https:\/\/grow24.us\/#\/schema\/person\/04517c00d12fed4d6429f34df94a5345","name":"Admin","image":{"@type":"ImageObject","inLanguage":"en-US","@id":"https:\/\/secure.gravatar.com\/avatar\/a7123a349c15f1436c0b6ef0cb0678b16dcae27681f998bb30c9de74e4d77c2b?s=96&d=mm&r=g","url":"https:\/\/secure.gravatar.com\/avatar\/a7123a349c15f1436c0b6ef0cb0678b16dcae27681f998bb30c9de74e4d77c2b?s=96&d=mm&r=g","contentUrl":"https:\/\/secure.gravatar.com\/avatar\/a7123a349c15f1436c0b6ef0cb0678b16dcae27681f998bb30c9de74e4d77c2b?s=96&d=mm&r=g","caption":"Admin"},"sameAs":["http:\/\/grow24.us"],"url":"https:\/\/grow24.us\/?author=1"}]}},"_links":{"self":[{"href":"https:\/\/grow24.us\/index.php?rest_route=\/wp\/v2\/posts\/37152","targetHints":{"allow":["GET"]}}],"collection":[{"href":"https:\/\/grow24.us\/index.php?rest_route=\/wp\/v2\/posts"}],"about":[{"href":"https:\/\/grow24.us\/index.php?rest_route=\/wp\/v2\/types\/post"}],"author":[{"embeddable":true,"href":"https:\/\/grow24.us\/index.php?rest_route=\/wp\/v2\/users\/1"}],"replies":[{"embeddable":true,"href":"https:\/\/grow24.us\/index.php?rest_route=%2Fwp%2Fv2%2Fcomments&post=37152"}],"version-history":[{"count":1,"href":"https:\/\/grow24.us\/index.php?rest_route=\/wp\/v2\/posts\/37152\/revisions"}],"predecessor-version":[{"id":37154,"href":"https:\/\/grow24.us\/index.php?rest_route=\/wp\/v2\/posts\/37152\/revisions\/37154"}],"wp:featuredmedia":[{"embeddable":true,"href":"https:\/\/grow24.us\/index.php?rest_route=\/wp\/v2\/media\/37153"}],"wp:attachment":[{"href":"https:\/\/grow24.us\/index.php?rest_route=%2Fwp%2Fv2%2Fmedia&parent=37152"}],"wp:term":[{"taxonomy":"category","embeddable":true,"href":"https:\/\/grow24.us\/index.php?rest_route=%2Fwp%2Fv2%2Fcategories&post=37152"},{"taxonomy":"post_tag","embeddable":true,"href":"https:\/\/grow24.us\/index.php?rest_route=%2Fwp%2Fv2%2Ftags&post=37152"}],"curies":[{"name":"wp","href":"https:\/\/api.w.org\/{rel}","templated":true}]}}