{"id":37148,"date":"2026-09-01T06:09:30","date_gmt":"2026-09-01T06:09:30","guid":{"rendered":"https:\/\/grow24.us\/?p=37148"},"modified":"2026-09-01T06:09:30","modified_gmt":"2026-09-01T06:09:30","slug":"pas-marreveshjes-se-ldk-se-dhe-vv-se-edhe-pdk-ja-merr-vendim","status":"publish","type":"post","link":"https:\/\/grow24.us\/?p=37148","title":{"rendered":"Pas marreveshjes se LDK-se dhe VV-se, edhe PDK-ja merr vendim"},"content":{"rendered":"<h1>Pas marreveshjes se LDK-se dhe VV-se, edhe PDK-ja merr vendim<\/h1>\n<div class=\"featured\"><img loading=\"lazy\" decoding=\"async\" class=\"attachment-large size-large\" src=\"https:\/\/blog.cookfixes.com\/en\/wp-content\/uploads\/2026\/08\/kryesia-e-PDK-850x567-1.jpg\" sizes=\"auto, (max-width: 820px) 100vw, 820px\" srcset=\"https:\/\/blog.cookfixes.com\/en\/wp-content\/uploads\/2026\/08\/kryesia-e-PDK-850x567-1.jpg 850w, https:\/\/blog.cookfixes.com\/en\/wp-content\/uploads\/2026\/08\/kryesia-e-PDK-850x567-1-300x200.jpg 300w, https:\/\/blog.cookfixes.com\/en\/wp-content\/uploads\/2026\/08\/kryesia-e-PDK-850x567-1-768x512.jpg 768w\" alt=\"\" width=\"820\" height=\"547\" \/><\/div>\n<div class=\"entry\">\n<p>Pas marreveshjes se LDK-se dhe VV-se, edhe PDK-ja merr vendim<br \/>\nPartia Demokratike e Kosov\u00ebs (PDK) do t\u00eb mbledh\u00eb sot Kryesin\u00eb, grupin parlamentar dhe kryetar\u00ebt e deg\u00ebve t\u00eb partis\u00eb, raporton GazetaBlic.<\/p>\n<div class=\"code-block code-block-1\">\n<div id=\"cookfixes-p1-wrapper\" class=\"cookfixes-ad-wrapper cookfixes-incontent-wrapper\">\n<div class=\"cookfixes-ad-label\"><\/div>\n<div id=\"cookfixes-p1-ad\"><\/div>\n<\/div>\n<\/div>\n<p>N\u00eb takim pritet t\u00eb diskutohen zhvillimet e fundit politike dhe q\u00ebndrimet e partis\u00eb, nd\u00ebrsa sipas burimeve t\u00eb GazetaBlic \u00e7\u00ebshtja e kandidatur\u00ebs s\u00eb Bekim Sejdiut nuk do t\u00eb jet\u00eb pjes\u00eb e diskutimeve.<\/p>\n<p>Takimi fillon n\u00eb ora 16:00.<\/p>\n<\/div>\n","protected":false},"excerpt":{"rendered":"<p>Pas marreveshjes se LDK-se dhe VV-se, edhe PDK-ja merr vendim Pas marreveshjes se LDK-se dhe VV-se, edhe PDK-ja merr vendim Partia Demokratike e Kosov\u00ebs (PDK) do t\u00eb&#8230; <\/p>\n","protected":false},"author":1,"featured_media":37149,"comment_status":"closed","ping_status":"closed","sticky":false,"template":"","format":"standard","meta":{"footnotes":""},"categories":[1],"tags":[],"class_list":["post-37148","post","type-post","status-publish","format-standard","has-post-thumbnail","hentry","category-news"],"yoast_head":"<!-- This site is optimized with the Yoast SEO plugin v28.1 - https:\/\/yoast.com\/product\/yoast-seo-wordpress\/ -->\n<title>Pas marreveshjes se LDK-se dhe VV-se, edhe PDK-ja merr vendim - FRESH<\/title>\n<meta name=\"robots\" content=\"index, follow, max-snippet:-1, max-image-preview:large, max-video-preview:-1\" \/>\n<link rel=\"canonical\" href=\"https:\/\/grow24.us\/?p=37148\" \/>\n<meta property=\"og:locale\" content=\"en_US\" \/>\n<meta property=\"og:type\" content=\"article\" \/>\n<meta property=\"og:title\" content=\"Pas marreveshjes se LDK-se dhe VV-se, edhe PDK-ja merr vendim - FRESH\" \/>\n<meta property=\"og:description\" content=\"Pas marreveshjes se LDK-se dhe VV-se, edhe PDK-ja merr vendim Pas marreveshjes se LDK-se dhe VV-se, edhe PDK-ja merr vendim Partia Demokratike e Kosov\u00ebs (PDK) do t\u00eb...\" \/>\n<meta property=\"og:url\" content=\"https:\/\/grow24.us\/?p=37148\" \/>\n<meta property=\"og:site_name\" content=\"FRESH\" \/>\n<meta property=\"article:published_time\" content=\"2026-09-01T06:09:30+00:00\" \/>\n<meta property=\"og:image\" content=\"https:\/\/grow24.us\/wp-content\/uploads\/2026\/09\/1a2.png\" \/>\n\t<meta property=\"og:image:width\" content=\"731\" \/>\n\t<meta property=\"og:image:height\" content=\"802\" \/>\n\t<meta property=\"og:image:type\" content=\"image\/png\" \/>\n<meta name=\"author\" content=\"Admin\" \/>\n<meta name=\"twitter:card\" content=\"summary_large_image\" \/>\n<meta name=\"twitter:label1\" content=\"Written by\" \/>\n\t<meta name=\"twitter:data1\" content=\"Admin\" \/>\n\t<meta name=\"twitter:label2\" content=\"Est. reading time\" \/>\n\t<meta name=\"twitter:data2\" content=\"1 minute\" \/>\n<script type=\"application\/ld+json\" class=\"yoast-schema-graph\">{\"@context\":\"https:\\\/\\\/schema.org\",\"@graph\":[{\"@type\":\"Article\",\"@id\":\"https:\\\/\\\/grow24.us\\\/?p=37148#article\",\"isPartOf\":{\"@id\":\"https:\\\/\\\/grow24.us\\\/?p=37148\"},\"author\":{\"name\":\"Admin\",\"@id\":\"https:\\\/\\\/grow24.us\\\/#\\\/schema\\\/person\\\/04517c00d12fed4d6429f34df94a5345\"},\"headline\":\"Pas marreveshjes se LDK-se dhe VV-se, edhe PDK-ja merr vendim\",\"datePublished\":\"2026-09-01T06:09:30+00:00\",\"mainEntityOfPage\":{\"@id\":\"https:\\\/\\\/grow24.us\\\/?p=37148\"},\"wordCount\":91,\"image\":{\"@id\":\"https:\\\/\\\/grow24.us\\\/?p=37148#primaryimage\"},\"thumbnailUrl\":\"https:\\\/\\\/grow24.us\\\/wp-content\\\/uploads\\\/2026\\\/09\\\/1a2.png\",\"articleSection\":[\"News\"],\"inLanguage\":\"en-US\"},{\"@type\":\"WebPage\",\"@id\":\"https:\\\/\\\/grow24.us\\\/?p=37148\",\"url\":\"https:\\\/\\\/grow24.us\\\/?p=37148\",\"name\":\"Pas marreveshjes se LDK-se dhe VV-se, edhe PDK-ja merr vendim - FRESH\",\"isPartOf\":{\"@id\":\"https:\\\/\\\/grow24.us\\\/#website\"},\"primaryImageOfPage\":{\"@id\":\"https:\\\/\\\/grow24.us\\\/?p=37148#primaryimage\"},\"image\":{\"@id\":\"https:\\\/\\\/grow24.us\\\/?p=37148#primaryimage\"},\"thumbnailUrl\":\"https:\\\/\\\/grow24.us\\\/wp-content\\\/uploads\\\/2026\\\/09\\\/1a2.png\",\"datePublished\":\"2026-09-01T06:09:30+00:00\",\"author\":{\"@id\":\"https:\\\/\\\/grow24.us\\\/#\\\/schema\\\/person\\\/04517c00d12fed4d6429f34df94a5345\"},\"breadcrumb\":{\"@id\":\"https:\\\/\\\/grow24.us\\\/?p=37148#breadcrumb\"},\"inLanguage\":\"en-US\",\"potentialAction\":[{\"@type\":\"ReadAction\",\"target\":[\"https:\\\/\\\/grow24.us\\\/?p=37148\"]}]},{\"@type\":\"ImageObject\",\"inLanguage\":\"en-US\",\"@id\":\"https:\\\/\\\/grow24.us\\\/?p=37148#primaryimage\",\"url\":\"https:\\\/\\\/grow24.us\\\/wp-content\\\/uploads\\\/2026\\\/09\\\/1a2.png\",\"contentUrl\":\"https:\\\/\\\/grow24.us\\\/wp-content\\\/uploads\\\/2026\\\/09\\\/1a2.png\",\"width\":731,\"height\":802},{\"@type\":\"BreadcrumbList\",\"@id\":\"https:\\\/\\\/grow24.us\\\/?p=37148#breadcrumb\",\"itemListElement\":[{\"@type\":\"ListItem\",\"position\":1,\"name\":\"Home\",\"item\":\"https:\\\/\\\/grow24.us\\\/\"},{\"@type\":\"ListItem\",\"position\":2,\"name\":\"Pas marreveshjes se LDK-se dhe VV-se, edhe PDK-ja merr vendim\"}]},{\"@type\":\"WebSite\",\"@id\":\"https:\\\/\\\/grow24.us\\\/#website\",\"url\":\"https:\\\/\\\/grow24.us\\\/\",\"name\":\"FRESH\",\"description\":\"\",\"potentialAction\":[{\"@type\":\"SearchAction\",\"target\":{\"@type\":\"EntryPoint\",\"urlTemplate\":\"https:\\\/\\\/grow24.us\\\/?s={search_term_string}\"},\"query-input\":{\"@type\":\"PropertyValueSpecification\",\"valueRequired\":true,\"valueName\":\"search_term_string\"}}],\"inLanguage\":\"en-US\"},{\"@type\":\"Person\",\"@id\":\"https:\\\/\\\/grow24.us\\\/#\\\/schema\\\/person\\\/04517c00d12fed4d6429f34df94a5345\",\"name\":\"Admin\",\"image\":{\"@type\":\"ImageObject\",\"inLanguage\":\"en-US\",\"@id\":\"https:\\\/\\\/secure.gravatar.com\\\/avatar\\\/a7123a349c15f1436c0b6ef0cb0678b16dcae27681f998bb30c9de74e4d77c2b?s=96&d=mm&r=g\",\"url\":\"https:\\\/\\\/secure.gravatar.com\\\/avatar\\\/a7123a349c15f1436c0b6ef0cb0678b16dcae27681f998bb30c9de74e4d77c2b?s=96&d=mm&r=g\",\"contentUrl\":\"https:\\\/\\\/secure.gravatar.com\\\/avatar\\\/a7123a349c15f1436c0b6ef0cb0678b16dcae27681f998bb30c9de74e4d77c2b?s=96&d=mm&r=g\",\"caption\":\"Admin\"},\"sameAs\":[\"http:\\\/\\\/grow24.us\"],\"url\":\"https:\\\/\\\/grow24.us\\\/?author=1\"}]}<\/script>\n<!-- \/ Yoast SEO plugin. -->","yoast_head_json":{"title":"Pas marreveshjes se LDK-se dhe VV-se, edhe PDK-ja merr vendim - FRESH","robots":{"index":"index","follow":"follow","max-snippet":"max-snippet:-1","max-image-preview":"max-image-preview:large","max-video-preview":"max-video-preview:-1"},"canonical":"https:\/\/grow24.us\/?p=37148","og_locale":"en_US","og_type":"article","og_title":"Pas marreveshjes se LDK-se dhe VV-se, edhe PDK-ja merr vendim - FRESH","og_description":"Pas marreveshjes se LDK-se dhe VV-se, edhe PDK-ja merr vendim Pas marreveshjes se LDK-se dhe VV-se, edhe PDK-ja merr vendim Partia Demokratike e Kosov\u00ebs (PDK) do t\u00eb...","og_url":"https:\/\/grow24.us\/?p=37148","og_site_name":"FRESH","article_published_time":"2026-09-01T06:09:30+00:00","og_image":[{"width":731,"height":802,"url":"https:\/\/grow24.us\/wp-content\/uploads\/2026\/09\/1a2.png","type":"image\/png"}],"author":"Admin","twitter_card":"summary_large_image","twitter_misc":{"Written by":"Admin","Est. reading time":"1 minute"},"schema":{"@context":"https:\/\/schema.org","@graph":[{"@type":"Article","@id":"https:\/\/grow24.us\/?p=37148#article","isPartOf":{"@id":"https:\/\/grow24.us\/?p=37148"},"author":{"name":"Admin","@id":"https:\/\/grow24.us\/#\/schema\/person\/04517c00d12fed4d6429f34df94a5345"},"headline":"Pas marreveshjes se LDK-se dhe VV-se, edhe PDK-ja merr vendim","datePublished":"2026-09-01T06:09:30+00:00","mainEntityOfPage":{"@id":"https:\/\/grow24.us\/?p=37148"},"wordCount":91,"image":{"@id":"https:\/\/grow24.us\/?p=37148#primaryimage"},"thumbnailUrl":"https:\/\/grow24.us\/wp-content\/uploads\/2026\/09\/1a2.png","articleSection":["News"],"inLanguage":"en-US"},{"@type":"WebPage","@id":"https:\/\/grow24.us\/?p=37148","url":"https:\/\/grow24.us\/?p=37148","name":"Pas marreveshjes se LDK-se dhe VV-se, edhe PDK-ja merr vendim - FRESH","isPartOf":{"@id":"https:\/\/grow24.us\/#website"},"primaryImageOfPage":{"@id":"https:\/\/grow24.us\/?p=37148#primaryimage"},"image":{"@id":"https:\/\/grow24.us\/?p=37148#primaryimage"},"thumbnailUrl":"https:\/\/grow24.us\/wp-content\/uploads\/2026\/09\/1a2.png","datePublished":"2026-09-01T06:09:30+00:00","author":{"@id":"https:\/\/grow24.us\/#\/schema\/person\/04517c00d12fed4d6429f34df94a5345"},"breadcrumb":{"@id":"https:\/\/grow24.us\/?p=37148#breadcrumb"},"inLanguage":"en-US","potentialAction":[{"@type":"ReadAction","target":["https:\/\/grow24.us\/?p=37148"]}]},{"@type":"ImageObject","inLanguage":"en-US","@id":"https:\/\/grow24.us\/?p=37148#primaryimage","url":"https:\/\/grow24.us\/wp-content\/uploads\/2026\/09\/1a2.png","contentUrl":"https:\/\/grow24.us\/wp-content\/uploads\/2026\/09\/1a2.png","width":731,"height":802},{"@type":"BreadcrumbList","@id":"https:\/\/grow24.us\/?p=37148#breadcrumb","itemListElement":[{"@type":"ListItem","position":1,"name":"Home","item":"https:\/\/grow24.us\/"},{"@type":"ListItem","position":2,"name":"Pas marreveshjes se LDK-se dhe VV-se, edhe PDK-ja merr vendim"}]},{"@type":"WebSite","@id":"https:\/\/grow24.us\/#website","url":"https:\/\/grow24.us\/","name":"FRESH","description":"","potentialAction":[{"@type":"SearchAction","target":{"@type":"EntryPoint","urlTemplate":"https:\/\/grow24.us\/?s={search_term_string}"},"query-input":{"@type":"PropertyValueSpecification","valueRequired":true,"valueName":"search_term_string"}}],"inLanguage":"en-US"},{"@type":"Person","@id":"https:\/\/grow24.us\/#\/schema\/person\/04517c00d12fed4d6429f34df94a5345","name":"Admin","image":{"@type":"ImageObject","inLanguage":"en-US","@id":"https:\/\/secure.gravatar.com\/avatar\/a7123a349c15f1436c0b6ef0cb0678b16dcae27681f998bb30c9de74e4d77c2b?s=96&d=mm&r=g","url":"https:\/\/secure.gravatar.com\/avatar\/a7123a349c15f1436c0b6ef0cb0678b16dcae27681f998bb30c9de74e4d77c2b?s=96&d=mm&r=g","contentUrl":"https:\/\/secure.gravatar.com\/avatar\/a7123a349c15f1436c0b6ef0cb0678b16dcae27681f998bb30c9de74e4d77c2b?s=96&d=mm&r=g","caption":"Admin"},"sameAs":["http:\/\/grow24.us"],"url":"https:\/\/grow24.us\/?author=1"}]}},"_links":{"self":[{"href":"https:\/\/grow24.us\/index.php?rest_route=\/wp\/v2\/posts\/37148","targetHints":{"allow":["GET"]}}],"collection":[{"href":"https:\/\/grow24.us\/index.php?rest_route=\/wp\/v2\/posts"}],"about":[{"href":"https:\/\/grow24.us\/index.php?rest_route=\/wp\/v2\/types\/post"}],"author":[{"embeddable":true,"href":"https:\/\/grow24.us\/index.php?rest_route=\/wp\/v2\/users\/1"}],"replies":[{"embeddable":true,"href":"https:\/\/grow24.us\/index.php?rest_route=%2Fwp%2Fv2%2Fcomments&post=37148"}],"version-history":[{"count":1,"href":"https:\/\/grow24.us\/index.php?rest_route=\/wp\/v2\/posts\/37148\/revisions"}],"predecessor-version":[{"id":37151,"href":"https:\/\/grow24.us\/index.php?rest_route=\/wp\/v2\/posts\/37148\/revisions\/37151"}],"wp:featuredmedia":[{"embeddable":true,"href":"https:\/\/grow24.us\/index.php?rest_route=\/wp\/v2\/media\/37149"}],"wp:attachment":[{"href":"https:\/\/grow24.us\/index.php?rest_route=%2Fwp%2Fv2%2Fmedia&parent=37148"}],"wp:term":[{"taxonomy":"category","embeddable":true,"href":"https:\/\/grow24.us\/index.php?rest_route=%2Fwp%2Fv2%2Fcategories&post=37148"},{"taxonomy":"post_tag","embeddable":true,"href":"https:\/\/grow24.us\/index.php?rest_route=%2Fwp%2Fv2%2Ftags&post=37148"}],"curies":[{"name":"wp","href":"https:\/\/api.w.org\/{rel}","templated":true}]}}